{"id":622447,"date":"2024-06-12T00:10:09","date_gmt":"2024-06-12T06:10:09","guid":{"rendered":"https:\/\/www.diarioimagen.net\/?p=622447"},"modified":"2024-06-12T00:36:30","modified_gmt":"2024-06-12T06:36:30","slug":"el-gran-miedo","status":"publish","type":"post","link":"https:\/\/www.diarioimagen.net\/?p=622447","title":{"rendered":"El gran miedo"},"content":{"rendered":"<h2>De frente y de perfil<\/h2>\n<h5>Ram\u00f3n Zurita Sahag\u00fan<\/h5>\n<p>&nbsp;<\/p>\n<p>Palo dado ni Dios lo quita, reza la vieja conseja popular de la comarca que los ancestros utilizan con frecuencia.<\/p>\n<p>Y es que el temor de algunos es grande, los mercados tiemblan, ciertos sectores de la poblaci\u00f3n nacional alertan sobre posibles consecuencias y sin embargo, los electores le dieron un bono de 35 millones de votos al pr\u00f3ximo gobierno, para cambiar las leyes de acuerdo a sus proyectos.<\/p>\n<p>Nada les impedir\u00e1 reformar la Constituci\u00f3n de acuerdo con sus pr\u00e9dicas, pues el voto ciudadano lo autoriz\u00f3 a sabiendas de posibles riesgos. El pueblo indiferente a todos los llamados vot\u00f3 y les concedi\u00f3 una ampliaci\u00f3n de su periodo por seis a\u00f1os m\u00e1s, incluido un cheque al portador que es la mayor\u00eda calificada en el Congreso de la Uni\u00f3n.<\/p>\n<p>Entonces \u00bfCu\u00e1l es el temor? Creer todo lo que se comenta en voz baja, alta y soterradamente por ciertos sectores de la poblaci\u00f3n o creer en lo que vimos el pasado 2 de junio, cuando una poblaci\u00f3n de m\u00e1s de 35 millones de personas vot\u00f3 masivamente por el proyecto que presenta la 4T.<\/p>\n<p>La alerta se mantiene y hace temblar a los mercados financieros, deval\u00faa el peso y amenaza con afectar a la econom\u00eda, mientras los poseedores del poder pol\u00edtico mantienen su idea de renovar al Poder Judicial.<\/p>\n<p>La sola idea de ello hace titiritar la epidermis de aquellos que la tienen muy delgada y amaga con reventarse, con la sola idea de cambiar los procedimientos para seleccionar al personal del Poder Judicial. Pero el mismo temor, o m\u00e1s fuerte a\u00fan, es el de que la Guardia Nacional pase a formar parte del Ej\u00e9rcito y caigamos en un pa\u00eds militarizado.<\/p>\n<p>98 millones de ciudadanos estaban autorizados para acudir a las urnas y solamente acudi\u00f3 el 59 por ciento, muy bajo nivel para una elecci\u00f3n presidencial, el m\u00e1s bajo en 36 a\u00f1os. Los ciudadanos estaban conscientes de que darle el voto masivo a Morena y sus aliados significaba estar de acuerdo en las modificaciones que desde febrero hab\u00eda anunciado el presidente L\u00f3pez Obrador y aval\u00f3, poco despu\u00e9s, la candidata presidencial de Morena y hoy ganadora de los comicios, Claudia Sheinbaum.<\/p>\n<p>Sabedores de ello, los ciudadanos optaron por darle curso a esas reformas constitucionales que hoy mantiene aterrados a algunos sectores de la poblaci\u00f3n que son menores, ya que de ser la mayor\u00eda habr\u00edan rechazado dicha posibilidad votando por una opci\u00f3n contraria a la hoy ganadora.<\/p>\n<p>No lo hicieron, entonces no se llamen a sorprendidos y mucho menos atemoricen m\u00e1s a la gente ni creen p\u00e1nico en los mercados financieros. La reforma Judicial y las dem\u00e1s modificaciones anunciadas van y lo har\u00e1n temprano, por m\u00e1s que se creen parlamentos de todo tipo y las descalifiquen, poco es lo que podr\u00eda variar.<\/p>\n<p>Sin importar las exclamaciones en contra, ni las eventuales protestas que puedan surgir. Todos sab\u00edamos que el eventual triunfo de Claudia Sheinbaum acarrear\u00eda esas consecuencias y entonces algunos pidieron el voto cruzado, para no darle mayor\u00eda en el Poder Legislativo y la poblaci\u00f3n no solamente contradijo estas peticiones, d\u00e1ndole mayor\u00eda para que alcanzaran la calificada. Es decir, dos terceras partes y sobradas en la C\u00e1mara de Diputados y a dos esca\u00f1os en la de Senadores, lo que se podr\u00eda arreglar r\u00e1pidamente ofreciendo la zanahoria a dos supuestos opositores.<\/p>\n<p>Ahora aquellos t\u00edmidos, timoratos, flojos, perezosos, negligentes e indolentes que decidieron no acudir a las urnas y los que s\u00ed lo hicieron y fueron impotentes para evitar esa gran cargada hacia el Poder Legislativo que asuman las consecuencias de sus actos, sin crear p\u00e1nico.<\/p>\n<p style=\"text-align: center;\"><strong>*****<\/strong><\/p>\n<p>Feliz, la alcaldesa de Acapulco, Abelina L\u00f3pez, por su reelecci\u00f3n contin\u00faa festejando su triunfo y ahora lo hace en la CDMX, con un banquete en un prestigiado restaurante de Perisur. Para ella, \u201cOtis\u201d y sus consecuencias nunca fueron importantes\u2026 La reuni\u00f3n de Claudia Sheinbaum y el Presidente L\u00f3pez Obrador fue satisfactoria para ambos y dej\u00f3 m\u00e1s en claro hacia d\u00f3nde se dirigen.<\/p>\n<p><em><a href=\"mailto:ramonzurita44@hotmail.com\" target=\"_blank\" rel=\"noopener noreferrer\">ramonzurita44@hotmail.com<\/a><br \/>\n<a href=\"mailto:ramonzurita44@gmail.com\" target=\"_blank\" rel=\"noopener\">ramonzurita44@gmail.com<\/a><\/em><\/p>\n","protected":false},"excerpt":{"rendered":"<p><span style=\"color: #005497;\"><strong>Ram\u00f3n Zurita Sahag\u00fan<\/strong><\/span><\/p>\n","protected":false},"author":3,"featured_media":0,"comment_status":"open","ping_status":"open","sticky":false,"template":"","format":"standard","meta":{"_monsterinsights_skip_tracking":false,"_monsterinsights_sitenote_active":false,"_monsterinsights_sitenote_note":"","_monsterinsights_sitenote_category":0,"footnotes":""},"categories":[234],"tags":[304,43674,43687],"class_list":["post-622447","post","type-post","status-publish","format-standard","hentry","category-ramon-zurita-sahagun","tag-de-frente-y-de-perfil","tag-opinion","tag-ramon-zurita-sahagun"],"_links":{"self":[{"href":"https:\/\/www.diarioimagen.net\/index.php?rest_route=\/wp\/v2\/posts\/622447","targetHints":{"allow":["GET"]}}],"collection":[{"href":"https:\/\/www.diarioimagen.net\/index.php?rest_route=\/wp\/v2\/posts"}],"about":[{"href":"https:\/\/www.diarioimagen.net\/index.php?rest_route=\/wp\/v2\/types\/post"}],"author":[{"embeddable":true,"href":"https:\/\/www.diarioimagen.net\/index.php?rest_route=\/wp\/v2\/users\/3"}],"replies":[{"embeddable":true,"href":"https:\/\/www.diarioimagen.net\/index.php?rest_route=%2Fwp%2Fv2%2Fcomments&post=622447"}],"version-history":[{"count":0,"href":"https:\/\/www.diarioimagen.net\/index.php?rest_route=\/wp\/v2\/posts\/622447\/revisions"}],"wp:attachment":[{"href":"https:\/\/www.diarioimagen.net\/index.php?rest_route=%2Fwp%2Fv2%2Fmedia&parent=622447"}],"wp:term":[{"taxonomy":"category","embeddable":true,"href":"https:\/\/www.diarioimagen.net\/index.php?rest_route=%2Fwp%2Fv2%2Fcategories&post=622447"},{"taxonomy":"post_tag","embeddable":true,"href":"https:\/\/www.diarioimagen.net\/index.php?rest_route=%2Fwp%2Fv2%2Ftags&post=622447"}],"curies":[{"name":"wp","href":"https:\/\/api.w.org\/{rel}","templated":true}]}}