{"id":622449,"date":"2024-06-12T00:12:19","date_gmt":"2024-06-12T06:12:19","guid":{"rendered":"https:\/\/www.diarioimagen.net\/?p=622449"},"modified":"2024-06-12T00:41:09","modified_gmt":"2024-06-12T06:41:09","slug":"claudia-y-amlo-superaron-sin-la-menor-resistencia-a-su-reforma-del-poder-judicial","status":"publish","type":"post","link":"https:\/\/www.diarioimagen.net\/?p=622449","title":{"rendered":"Claudia y AMLO superaron sin la menor resistencia a su reforma del\u00a0Poder Judicial"},"content":{"rendered":"<h2>Tras la puerta del poder<\/h2>\n<h5>Roberto Vizca\u00edno<\/h5>\n<p>&nbsp;<\/p>\n<p>Nadie en M\u00e9xico movi\u00f3 ni un dedo, ni sali\u00f3 a calles o plazas \u2014como muy probablemente si hubiera ocurrido en otros pa\u00edses\u2014 para protestar o cuestionar la reforma del Poder Judicial que pasar\u00e1 a plenos del Congreso \u2014Senado y Diputados federales y locales\u2014 en septiembre pr\u00f3ximo, para que su autor y promotor, el presidente <strong>Andr\u00e9s Manuel L\u00f3pez Obrador<\/strong> la promulgue antes de entregar el poder el 1 de octubre.<\/p>\n<p>Esta reforma no modificar\u00e1 nada en la Constituci\u00f3n, ni ning\u00fan c\u00f3digo o norma vigentes.<\/p>\n<p>Pero significar\u00e1 un verdadero cambio de r\u00e9gimen porque esa Constituci\u00f3n, c\u00f3digos y normas ser\u00e1n ahora aplicados en juicios para tramitar recursos de inconstitucionalidad, y otros, y en peticiones de amparo, que ser\u00e1n resueltos bajo criterios del beneficio social o popular, y no de apego a jurisprudencia y derecho, sino buscando siempre el criterio de la justicia popular.<\/p>\n<p>Ser\u00e1 un, <em>nada de que la ley es la ley<\/em>, sino <em>de qu\u00e9 beneficio social tendr\u00e1 esa resoluci\u00f3n<\/em>.<\/p>\n<p>Los encargados de aplicar esos criterios ser\u00e1n quienes integrar\u00e1n toda una red de ministros, jueces y magistrados \u20141,688 en todo el pa\u00eds\u2014, que ser\u00e1n electos por voto popular dentro de un a\u00f1o.<\/p>\n<p>Tanto la Presidenta Electa, <strong>Claudia Sheinbaum,<\/strong> como el Presidente saliente, <strong>Andr\u00e9s Manuel L\u00f3pez Obrador,<\/strong> afirmaron que no existen motivos de alarma ni de inquietudes por esta reforma porque se va a realizar justamente <strong><em>para fortalecer al Estado de Derecho en M\u00e9xico<\/em><\/strong>.<\/p>\n<p>Los centros del Derecho \u2014facultades universitarias, institutos, barras de abogados, expertos, etc., etc.,\u2014 advierten que ocurrir\u00e1 todo lo contrario.<\/p>\n<p>El mandatario indic\u00f3 que quienes han generado reacciones que han depreciado al peso frente al d\u00f3lar, son de nuevo esos conservadores que intentan mantener privilegios indebidos.<\/p>\n<p>Tanto la Presidenta Electa como <strong>AMLO<\/strong> desecharon la posibilidad de que sus partidos no logren obtener la mayor\u00eda calificada necesaria para realizar esta reforma en el Senado y la C\u00e1mara de Diputados.<\/p>\n<p>La iniciativa prev\u00e9 que la presidenta Sheinbaum proponga 10 prospectos, el Congreso otros (5 por cada c\u00e1mara) 10 y la Suprema Corte otros 10.<\/p>\n<p>De esos 30 los ciudadanos votar\u00edan por un ministro, o magistrado y por jueves.<\/p>\n<p>As\u00ed ser\u00eda electo cada uno de los 9 ministros de la Corte, y los 7 magistrados del Tribunal Electoral y los 5 del Tribunal de Disciplina Judicial.<\/p>\n<p>Los mil 649 jueces y magistrados que forman la red del Poder Judicial en el pa\u00eds y que tramitan unos 2 millones de amparos y juicios penales, civiles y laborales, podr\u00edan participar en la elecci\u00f3n y continuar en su cargo hasta que tomen posesi\u00f3n los ganadores.<\/p>\n<p>La iniciativa de <strong>AMLO<\/strong> prev\u00e9 que igual sean electos por voto popular unos 5 mil jueces y magistrados de los 32 tribunales estatales.<\/p>\n<p>Cada aspirante ir\u00e1 a una campa\u00f1a que todav\u00eda no se sabe qu\u00e9 plazos y topes financieros tendr\u00e1, ni de d\u00f3nde saldr\u00e1 ese dinero. Desde ya hay quienes creen que empresarios, dirigentes de sectores o l\u00edderes de c\u00e1rteles y la delincuencia aprovechar\u00e1n para promover y apoyar con recursos a sus candidatos.<\/p>\n<p>As\u00ed, mientras la Presidenta Electa pidi\u00f3 calma y confianza a inversores y empresarios, el presidente <strong>L\u00f3pez Obrador<\/strong> indic\u00f3 que no ve por que no pueda aprobarse esta reforma en septiembre.<\/p>\n<p>\u201cYo quiero cumplir mi responsabilidad\u2026 estoy convencido de que hace falta un Poder Judicial \u00edntegro que represente al pueblo, no a mafias econ\u00f3micas o del crimen\u201d, indic\u00f3.<\/p>\n<p>Los foros p\u00fablicos de informaci\u00f3n y consulta pueden realizarse de hoy a septiembre, dijo, y para que se \u201cescuche a todos, a los de arriba y a todos los ciudadanos\u201d.<\/p>\n<p>Hoy, dijo, predominan monopolios con \u201cm\u00e1s agarraderas e influencias en el Poder Judicial\u201d, que se supone deber\u00eda ser aut\u00f3nomo e independiente, \u201cpero que en los hechos es aut\u00f3nomo e independiente del pueblo, no de los potentados\u201d.<\/p>\n<p>En este contexto, en el que todo se tramita en medios y por redes sociales, nada por protestas y manifestaciones en las calles, transita la iniciativa de Reforma del Poder Judicial que modificar\u00e1 de tal forma a sus instituciones centrales \u2014Suprema Corte, Judicatura, Tribunales\u2014, que a partir de su aprobaci\u00f3n y promulgaci\u00f3n definir\u00e1 otro r\u00e9gimen en que el derecho se aplicar\u00e1 con criterios populares y no de jurisprudencia.<\/p>\n<p>Un poder que depender\u00e1 esencialmente de la voluntad pol\u00edtica y muy personal del Ejecutivo, y de otros intereses en los que no est\u00e1n excluidos los c\u00e1rteles del narco y del crimen organizado.<\/p>\n<p style=\"text-align: center;\"><strong>\u201cMomentos de triunfo y de gran satisfacci\u00f3n\u201d<\/strong><\/p>\n<p>Pocos son los pol\u00edticos que se sinceran ante sus electores. Una es, sin duda, la presidenta del Senado, la tlaxcalteca <strong>Ana Lilia Rivera<\/strong>, abogada y de origen humilde, ejidatario, campesino.<\/p>\n<p>\u201cCuando ganamos la elecci\u00f3n de 2018, hubo en mi coraz\u00f3n una gran alegr\u00eda, pero no se compara con la alegr\u00eda que siento hoy, porque todav\u00eda en el 2018 hab\u00eda una sociedad m\u00e1s desinformada, m\u00e1s ap\u00e1tica, menos participativa.<\/p>\n<p>\u201cCuando caminaba yo en las comunidades de Tlaxcala, me dio mucho gusto encontrarme jovencitos que me dec\u00edan: \u2018<em>Expl\u00edcame por qu\u00e9 quieren ustedes reformar el Poder Judicial<\/em>\u2019. Estudiantes de Derecho cuestion\u00e1ndome. Eso no lo hab\u00eda yo vivido en los otros procesos electorales.<\/p>\n<p>\u201cY tambi\u00e9n me toc\u00f3 gente de a pie, mientras me despachaban algo en la tienda, que me dec\u00eda: \u2018<em>Es importante que sigan combatiendo la corrupci\u00f3n. Queremos que haya m\u00e1s seguridad. Queremos que ustedes nos apoyen para que los programa sigan llegando a la gente<\/em>\u201d.<\/p>\n<p>Hoy, afirma \u2014la senadora reelecta por Morena\u2014 la econom\u00eda se ha fortalecido desde abajo, en las carnicer\u00edas, las tienditas locales, y en las bosas de la gente y el entonces pueblo busca que no se revierta lo que ha logrado, indica.<\/p>\n<p>\u201c\u00bfQu\u00e9 me ilusiona? \u00bfQu\u00e9 me entusiasma? Ver hasta d\u00f3nde va a ser capaz de llegar la sociedad mexicana si continuamos madurando la conciencia del pueblo, si le seguimos dando la oportunidad de ser escuchado, de hablar\u201d, concluye.<\/p>\n<p><em><a href=\"mailto:rvizcainoa@gmail.com\" target=\"_blank\" rel=\"noopener noreferrer\">vizcainoa@gmail.com<\/a><a href=\"mailto:rvizcainoa@gmail.com\" target=\"_blank\" rel=\"noopener noreferrer\"><br \/>\n<\/a><a href=\"http:\/\/endirecto.mx\" target=\"_blank\" rel=\"noopener noreferrer\">www.endirecto.mx<\/a><a href=\"mailto:rvizcainoa@gmail.com\" target=\"_blank\" rel=\"noopener noreferrer\"><br \/>\n<\/a><a href=\"https:\/\/twitter.com\/_rvizcaino\" target=\"_blank\" rel=\"noopener noreferrer\">@_RVizcaino<\/a><a href=\"mailto:rvizcainoa@gmail.com\" target=\"_blank\" rel=\"noopener noreferrer\"><br \/>\n<\/a><a href=\"https:\/\/www.facebook.com\/rvizcainoa\" target=\"_blank\" rel=\"noopener noreferrer\">facebook.com\/rvizcainoa<\/a><\/em><\/p>\n","protected":false},"excerpt":{"rendered":"<p><span style=\"color: #005497;\"><strong>Roberto Vizca\u00edno<\/strong><\/span><\/p>\n","protected":false},"author":3,"featured_media":0,"comment_status":"open","ping_status":"open","sticky":false,"template":"","format":"standard","meta":{"_monsterinsights_skip_tracking":false,"_monsterinsights_sitenote_active":false,"_monsterinsights_sitenote_note":"","_monsterinsights_sitenote_category":0,"footnotes":""},"categories":[136],"tags":[43674,93,94],"class_list":["post-622449","post","type-post","status-publish","format-standard","hentry","category-roberto-vizcaino-opinion","tag-opinion","tag-roberto-vizcaino","tag-tras-la-puerta-del-poder"],"_links":{"self":[{"href":"https:\/\/www.diarioimagen.net\/index.php?rest_route=\/wp\/v2\/posts\/622449","targetHints":{"allow":["GET"]}}],"collection":[{"href":"https:\/\/www.diarioimagen.net\/index.php?rest_route=\/wp\/v2\/posts"}],"about":[{"href":"https:\/\/www.diarioimagen.net\/index.php?rest_route=\/wp\/v2\/types\/post"}],"author":[{"embeddable":true,"href":"https:\/\/www.diarioimagen.net\/index.php?rest_route=\/wp\/v2\/users\/3"}],"replies":[{"embeddable":true,"href":"https:\/\/www.diarioimagen.net\/index.php?rest_route=%2Fwp%2Fv2%2Fcomments&post=622449"}],"version-history":[{"count":0,"href":"https:\/\/www.diarioimagen.net\/index.php?rest_route=\/wp\/v2\/posts\/622449\/revisions"}],"wp:attachment":[{"href":"https:\/\/www.diarioimagen.net\/index.php?rest_route=%2Fwp%2Fv2%2Fmedia&parent=622449"}],"wp:term":[{"taxonomy":"category","embeddable":true,"href":"https:\/\/www.diarioimagen.net\/index.php?rest_route=%2Fwp%2Fv2%2Fcategories&post=622449"},{"taxonomy":"post_tag","embeddable":true,"href":"https:\/\/www.diarioimagen.net\/index.php?rest_route=%2Fwp%2Fv2%2Ftags&post=622449"}],"curies":[{"name":"wp","href":"https:\/\/api.w.org\/{rel}","templated":true}]}}