{"id":622536,"date":"2024-06-13T00:01:36","date_gmt":"2024-06-13T06:01:36","guid":{"rendered":"https:\/\/www.diarioimagen.net\/?p=622536"},"modified":"2024-06-12T23:57:01","modified_gmt":"2024-06-13T05:57:01","slug":"ayudara-mucho-al-pais-continuidad-con-el-cambio-de-sheinbaum-amlo","status":"publish","type":"post","link":"https:\/\/www.diarioimagen.net\/?p=622536","title":{"rendered":"Ayudar\u00e1 mucho al pa\u00eds continuidad con el cambio de Sheinbaum: AMLO"},"content":{"rendered":"<p>&nbsp;<\/p>\n<h2 style=\"text-align: center;\">Rechazo a comportamientos clasistas y racistas<\/h2>\n<p><em>\u00a0<\/em><\/p>\n<ul>\n<li><em><strong>Reitera el Presidente que no habr\u00e1 un viraje en la conducci\u00f3n<\/strong><\/em><\/li>\n<\/ul>\n<p>&nbsp;<\/p>\n<div id=\"attachment_622603\" style=\"width: 470px\" class=\"wp-caption aligncenter\"><a href=\"https:\/\/www.diarioimagen.net\/?attachment_id=622603\" rel=\"attachment wp-att-622603\"><img loading=\"lazy\" decoding=\"async\" aria-describedby=\"caption-attachment-622603\" class=\"size-full wp-image-622603\" src=\"https:\/\/www.diarioimagen.net\/wp-content\/uploads\/2024\/06\/amlo-2.jpg\" alt=\"\" width=\"460\" height=\"270\" \/><\/a><p id=\"caption-attachment-622603\" class=\"wp-caption-text\">Andr\u00e9s Manuel L\u00f3pez Obrador afirm\u00f3 que la continuidad con cambio que se proyecta con la llegada de Claudia Sheimbaun a la Presidencia de la Rep\u00fablica va a ayudar mucho al pa\u00eds.<\/p><\/div>\n<p>&nbsp;<\/p>\n<p>El presidente Andr\u00e9s Manuel L\u00f3pez Obrador afirm\u00f3 que la continuidad con el cambio que se proyecta con la llegada de Claudia Sheinbaun a la Presidencia de la Rep\u00fablica va a ayudar mucho al pa\u00eds y a la gente porque no habr\u00e1 un viraje en la conducci\u00f3n.<\/p>\n<p>Tras condenar el\u00a0 comportamiento clasista y racista como el de una persona de un video viral donde despidi\u00f3 a su empleada dom\u00e9stica por ser \u201cchaira\u201d, dijo que el nuevo gobierno estar\u00e1 a cargo de una gente sensible que priorizar\u00e1 los apoyos a la gente humilde, a los olvidados.<\/p>\n<p>El mandatario indic\u00f3 que Claudia Sheinbaum tiene la sensibilidad de escuchar a todos, pero que dar\u00e1 preferencia a la gente m\u00e1s humilde del pa\u00eds, siendo un motivo de alegr\u00eda.<\/p>\n<p>\u201cAfortunadamente el pueblo de M\u00e9xico dijo no a eso, y ya no van a gobernar esos, va a seguir la transformaci\u00f3n, y quien va a gobernar pues tiene esa sensibilidad de escuchar, de atender a todos, respetar a todos, pero darle preferencia a la gente m\u00e1s humilde, a los olvidados a los humillados, eso es muy importante porque si no, iba a ser un retroceso, es regresar otra vez a atender solo a una minor\u00eda y olvidarse de la gente\u201d, expuso.<\/p>\n<p>En su ma\u00f1anera de este mi\u00e9rcoles, celebr\u00f3 que se van a comenzar con cumplirlos compromisos de Sheimbaun, con las reformas que todav\u00eda le tocar\u00e1 a \u00e9l, dijo, para garantizar que las mujeres tengan una pensi\u00f3n a partir de los 60 a\u00f1os. En la actualidad los apoyos para los adultos mayores comienzan a los 65 a\u00f1os.<\/p>\n<p>Mencion\u00f3 que aun cuando la Constituci\u00f3n refiere que estas pensiones se otorgar\u00e1n a las personas de 68 a\u00f1os y m\u00e1s, lo cierto es que desde hace tiempo se les entrega desde los 65 a\u00f1os y se realizar\u00e1n estas dos modificaciones: pensiones a las mujeres a partir de los 60 a\u00f1os y que los apoyos a los hombres a partir de los 65.<\/p>\n<p>Asimismo, anticip\u00f3 que tambi\u00e9n se concretar\u00e1 otra reforma relacionada con los compromisos de campa\u00f1a de Sheimbaun para entregar una beca a todos los estudiantes de nivel b\u00e1sico de escuelas p\u00fablicas. En la actualidad, dijo, en este nivel, su gobierno entrega 5 millones de becas y solo en el bachillerato es universal, pero ahora se extender\u00e1 a la primaria y secundaria.<\/p>\n<p>Subray\u00f3 la importancia de \u201cseguir apoyando a todos, eso es lo mas humano, lo m\u00e1s cristiano, tiene que ver con todas las religiones, el amor al pr\u00f3jimo. En una minor\u00eda hay mucho individualismo, clasismo, racismo.\u00a0 El movimiento es ir combatiendo todo eso\u201d.<\/p>\n","protected":false},"excerpt":{"rendered":"<p>El presidente Andr\u00e9s Manuel L\u00f3pez Obrador afirm\u00f3 que la continuidad con el cambio que se proyecta con la llegada de Claudia Sheinbaun a la Presidencia de la Rep\u00fablica va a ayudar mucho al pa\u00eds y a la gente porque no habr\u00e1 un viraje en la conducci\u00f3n.<\/p>\n","protected":false},"author":3,"featured_media":622603,"comment_status":"open","ping_status":"open","sticky":false,"template":"","format":"standard","meta":{"_monsterinsights_skip_tracking":false,"_monsterinsights_sitenote_active":false,"_monsterinsights_sitenote_note":"","_monsterinsights_sitenote_category":0,"footnotes":""},"categories":[3],"tags":[2545,72207],"class_list":["post-622536","post","type-post","status-publish","format-standard","has-post-thumbnail","hentry","category-nacional","tag-amlo","tag-claudia-sheinbaum-pardo"],"_links":{"self":[{"href":"https:\/\/www.diarioimagen.net\/index.php?rest_route=\/wp\/v2\/posts\/622536","targetHints":{"allow":["GET"]}}],"collection":[{"href":"https:\/\/www.diarioimagen.net\/index.php?rest_route=\/wp\/v2\/posts"}],"about":[{"href":"https:\/\/www.diarioimagen.net\/index.php?rest_route=\/wp\/v2\/types\/post"}],"author":[{"embeddable":true,"href":"https:\/\/www.diarioimagen.net\/index.php?rest_route=\/wp\/v2\/users\/3"}],"replies":[{"embeddable":true,"href":"https:\/\/www.diarioimagen.net\/index.php?rest_route=%2Fwp%2Fv2%2Fcomments&post=622536"}],"version-history":[{"count":0,"href":"https:\/\/www.diarioimagen.net\/index.php?rest_route=\/wp\/v2\/posts\/622536\/revisions"}],"wp:featuredmedia":[{"embeddable":true,"href":"https:\/\/www.diarioimagen.net\/index.php?rest_route=\/wp\/v2\/media\/622603"}],"wp:attachment":[{"href":"https:\/\/www.diarioimagen.net\/index.php?rest_route=%2Fwp%2Fv2%2Fmedia&parent=622536"}],"wp:term":[{"taxonomy":"category","embeddable":true,"href":"https:\/\/www.diarioimagen.net\/index.php?rest_route=%2Fwp%2Fv2%2Fcategories&post=622536"},{"taxonomy":"post_tag","embeddable":true,"href":"https:\/\/www.diarioimagen.net\/index.php?rest_route=%2Fwp%2Fv2%2Ftags&post=622536"}],"curies":[{"name":"wp","href":"https:\/\/api.w.org\/{rel}","templated":true}]}}