{"id":622545,"date":"2024-06-13T00:02:34","date_gmt":"2024-06-13T06:02:34","guid":{"rendered":"https:\/\/www.diarioimagen.net\/?p=622545"},"modified":"2024-06-13T00:01:09","modified_gmt":"2024-06-13T06:01:09","slug":"aprueba-el-cabildo-de-atizapan-nombramientos-de-dos-directores","status":"publish","type":"post","link":"https:\/\/www.diarioimagen.net\/?p=622545","title":{"rendered":"Aprueba el Cabildo de Atizap\u00e1n nombramientos de dos directores"},"content":{"rendered":"<p>&nbsp;<\/p>\n<ul>\n<li><em><strong>Desarrollo Social e Innovaci\u00f3n y Comunicaci\u00f3n<\/strong><\/em><\/li>\n<\/ul>\n<p>&nbsp;<\/p>\n<div id=\"attachment_622611\" style=\"width: 470px\" class=\"wp-caption aligncenter\"><a href=\"https:\/\/www.diarioimagen.net\/?attachment_id=622611\" rel=\"attachment wp-att-622611\"><img loading=\"lazy\" decoding=\"async\" aria-describedby=\"caption-attachment-622611\" class=\"size-full wp-image-622611\" src=\"https:\/\/www.diarioimagen.net\/wp-content\/uploads\/2024\/06\/aprueba-cabildo-1.jpg\" alt=\"\" width=\"460\" height=\"270\" \/><\/a><p id=\"caption-attachment-622611\" class=\"wp-caption-text\">El Cabildo de Atizap\u00e1n aprob\u00f3 los nombramientos de Julio C\u00e9sar Mart\u00ednez y Guillermo Cabrera, como titulares de las direcciones de Desarrollo Social e Innovaci\u00f3n y Comunicaci\u00f3n.<\/p><\/div>\n<p>&nbsp;<\/p>\n<p><strong>Atizap\u00e1n de Zaragoza, Estado de M\u00e9xico.\u2014<\/strong> A propuesta de la presidenta municipal por Ministerio de Ley, Marycarmen Reyes Orozco, los miembros del Cabildo de esta localidad aprobaron los nombramientos de Julio C\u00e9sar Mart\u00ednez Hern\u00e1ndez y Guillermo Cabrera, como titulares de las direcciones de Desarrollo Social e Innovaci\u00f3n y Comunicaci\u00f3n, respectivamente.<\/p>\n<p>Los nuevos funcionarios municipales de las \u00e1reas mencionadas, tomaron protesta en el Sal\u00f3n de Cabildo Adolfo L\u00f3pez Mateos ante los integrantes del Ayuntamiento.<\/p>\n<p>Por otra parte, se autoriz\u00f3 al D\u00e9cimo Segundo Regidor, Diego Mart\u00ednez Rosillo la solicitud de licencia para separarse temporalmente del ejercicio de sus funciones, cuya temporalidad inici\u00f3 a partir del d\u00eda 10 del mes de junio del a\u00f1o 2024 y se dar\u00e1 por concluida el d\u00eda 6 del mes de agosto del mismo a\u00f1o.<\/p>\n<p>Finalmente, se turn\u00f3 a la Comisi\u00f3n Edilicia de Hacienda para estudio, an\u00e1lisis y dictaminaci\u00f3n, la solicitud presentada por el Dr. David de la Torre Cruz, Rector de la Universidad Tecnol\u00f3gica Fidel Vel\u00e1zquez, quien solicita diversos apoyos econ\u00f3micos para diez estudiantes seleccionados, quienes buscan realizar estancias con destacados investigadores de M\u00e9xico y el extranjero.<\/p>\n","protected":false},"excerpt":{"rendered":"<p>A propuesta de la presidenta municipal por Ministerio de Ley, Marycarmen Reyes Orozco, los miembros del Cabildo de esta localidad aprobaron los nombramientos de Julio C\u00e9sar Mart\u00ednez Hern\u00e1ndez y Guillermo Cabrera, como titulares de las direcciones de Desarrollo Social e Innovaci\u00f3n y Comunicaci\u00f3n, respectivamente.<\/p>\n","protected":false},"author":3,"featured_media":622611,"comment_status":"open","ping_status":"open","sticky":false,"template":"","format":"standard","meta":{"_monsterinsights_skip_tracking":false,"_monsterinsights_sitenote_active":false,"_monsterinsights_sitenote_note":"","_monsterinsights_sitenote_category":0,"footnotes":""},"categories":[5],"tags":[3561,100088,43675],"class_list":["post-622545","post","type-post","status-publish","format-standard","has-post-thumbnail","hentry","category-estado-de-mexico","tag-atizapan-de-zaragoza","tag-directores","tag-estado-de-mexico"],"_links":{"self":[{"href":"https:\/\/www.diarioimagen.net\/index.php?rest_route=\/wp\/v2\/posts\/622545","targetHints":{"allow":["GET"]}}],"collection":[{"href":"https:\/\/www.diarioimagen.net\/index.php?rest_route=\/wp\/v2\/posts"}],"about":[{"href":"https:\/\/www.diarioimagen.net\/index.php?rest_route=\/wp\/v2\/types\/post"}],"author":[{"embeddable":true,"href":"https:\/\/www.diarioimagen.net\/index.php?rest_route=\/wp\/v2\/users\/3"}],"replies":[{"embeddable":true,"href":"https:\/\/www.diarioimagen.net\/index.php?rest_route=%2Fwp%2Fv2%2Fcomments&post=622545"}],"version-history":[{"count":0,"href":"https:\/\/www.diarioimagen.net\/index.php?rest_route=\/wp\/v2\/posts\/622545\/revisions"}],"wp:featuredmedia":[{"embeddable":true,"href":"https:\/\/www.diarioimagen.net\/index.php?rest_route=\/wp\/v2\/media\/622611"}],"wp:attachment":[{"href":"https:\/\/www.diarioimagen.net\/index.php?rest_route=%2Fwp%2Fv2%2Fmedia&parent=622545"}],"wp:term":[{"taxonomy":"category","embeddable":true,"href":"https:\/\/www.diarioimagen.net\/index.php?rest_route=%2Fwp%2Fv2%2Fcategories&post=622545"},{"taxonomy":"post_tag","embeddable":true,"href":"https:\/\/www.diarioimagen.net\/index.php?rest_route=%2Fwp%2Fv2%2Ftags&post=622545"}],"curies":[{"name":"wp","href":"https:\/\/api.w.org\/{rel}","templated":true}]}}