{"id":622548,"date":"2024-06-13T00:04:13","date_gmt":"2024-06-13T06:04:13","guid":{"rendered":"https:\/\/www.diarioimagen.net\/?p=622548"},"modified":"2024-06-13T23:49:38","modified_gmt":"2024-06-14T05:49:38","slug":"convoca-difem-a-infantes-para-participar-en-la-consulta-me-escuchas-2024","status":"publish","type":"post","link":"https:\/\/www.diarioimagen.net\/?p=622548","title":{"rendered":"Convoca DIFEM a infantes para participar en la consulta \u00bfMe escuchas? 2024"},"content":{"rendered":"<p>&nbsp;<\/p>\n<p><a href=\"https:\/\/www.diarioimagen.net\/?attachment_id=622605\" rel=\"attachment wp-att-622605\"><img loading=\"lazy\" decoding=\"async\" class=\"aligncenter size-full wp-image-622605\" src=\"https:\/\/www.diarioimagen.net\/wp-content\/uploads\/2024\/06\/convoca-difem.jpg\" alt=\"\" width=\"460\" height=\"270\" \/><\/a><\/p>\n<p>&nbsp;<\/p>\n<p><strong>Ecatepec, Estado de M\u00e9xico.\u2014 <\/strong>El gobierno del Estado de M\u00e9xico, encabezado por Delfina G\u00f3mez \u00c1lvarez, a trav\u00e9s del DIF mexiquense, invita a menores de tres a 17 a\u00f1os de edad a participar en la Consulta Nacional de Ni\u00f1as, Ni\u00f1os y Adolescentes \u201c\u00bfMe Escuchas?\u201d 2024, la cual se desarrollar\u00e1 del 8 de junio al 14 de julio del presente a\u00f1o.<\/p>\n<p>La consulta arranc\u00f3 en la explanada municipal de Ecatepec, donde Nuria Fern\u00e1ndez Espresate, titular del Sistema Nacional DIF, coincidi\u00f3 con Karina Labastida Sotelo, directora general del DIFEM, en la importancia de la entidad mexiquense, a trav\u00e9s de la participaci\u00f3n infantil, como factor de cambio social, toda vez que casi 200 mil ni\u00f1as, ni\u00f1os y adolescentes contribuyeron con sus aportaciones en este espacio de expresi\u00f3n realizado el a\u00f1o pasado.<\/p>\n","protected":false},"excerpt":{"rendered":"<p>El gobierno del Estado de M\u00e9xico, encabezado por Delfina G\u00f3mez \u00c1lvarez, a trav\u00e9s del DIF mexiquense, invita a menores de tres a 17 a\u00f1os de edad a participar en la Consulta Nacional de Ni\u00f1as, Ni\u00f1os y Adolescentes \u201c\u00bfMe Escuchas?\u201d 2024, la cual se desarrollar\u00e1 del 8 de junio al 14 de julio del presente a\u00f1o.<\/p>\n","protected":false},"author":3,"featured_media":622605,"comment_status":"open","ping_status":"open","sticky":false,"template":"","format":"standard","meta":{"_monsterinsights_skip_tracking":false,"_monsterinsights_sitenote_active":false,"_monsterinsights_sitenote_note":"","_monsterinsights_sitenote_category":0,"footnotes":""},"categories":[5,99730],"tags":[2954,394,454,43675],"class_list":["post-622548","post","type-post","status-publish","format-standard","has-post-thumbnail","hentry","category-estado-de-mexico","category-edomex","tag-dif","tag-difem","tag-ecatepec","tag-estado-de-mexico"],"_links":{"self":[{"href":"https:\/\/www.diarioimagen.net\/index.php?rest_route=\/wp\/v2\/posts\/622548","targetHints":{"allow":["GET"]}}],"collection":[{"href":"https:\/\/www.diarioimagen.net\/index.php?rest_route=\/wp\/v2\/posts"}],"about":[{"href":"https:\/\/www.diarioimagen.net\/index.php?rest_route=\/wp\/v2\/types\/post"}],"author":[{"embeddable":true,"href":"https:\/\/www.diarioimagen.net\/index.php?rest_route=\/wp\/v2\/users\/3"}],"replies":[{"embeddable":true,"href":"https:\/\/www.diarioimagen.net\/index.php?rest_route=%2Fwp%2Fv2%2Fcomments&post=622548"}],"version-history":[{"count":0,"href":"https:\/\/www.diarioimagen.net\/index.php?rest_route=\/wp\/v2\/posts\/622548\/revisions"}],"wp:featuredmedia":[{"embeddable":true,"href":"https:\/\/www.diarioimagen.net\/index.php?rest_route=\/wp\/v2\/media\/622605"}],"wp:attachment":[{"href":"https:\/\/www.diarioimagen.net\/index.php?rest_route=%2Fwp%2Fv2%2Fmedia&parent=622548"}],"wp:term":[{"taxonomy":"category","embeddable":true,"href":"https:\/\/www.diarioimagen.net\/index.php?rest_route=%2Fwp%2Fv2%2Fcategories&post=622548"},{"taxonomy":"post_tag","embeddable":true,"href":"https:\/\/www.diarioimagen.net\/index.php?rest_route=%2Fwp%2Fv2%2Ftags&post=622548"}],"curies":[{"name":"wp","href":"https:\/\/api.w.org\/{rel}","templated":true}]}}