{"id":622578,"date":"2024-06-19T00:03:51","date_gmt":"2024-06-19T06:03:51","guid":{"rendered":"https:\/\/www.diarioimagen.net\/?p=622578"},"modified":"2024-06-19T00:29:06","modified_gmt":"2024-06-19T06:29:06","slug":"prd-fenece-pan-y-pri-en-extremauncion","status":"publish","type":"post","link":"https:\/\/www.diarioimagen.net\/?p=622578","title":{"rendered":"PRD fenece, PAN y PRI, en\u00a0extremaunci\u00f3n"},"content":{"rendered":"<h2>Espacio Electoral<\/h2>\n<h5>Eleazar Flores<\/h5>\n<p>&nbsp;<\/p>\n<p><strong>AMLO, DE FIESTA-.<\/strong> Enterados que seguir\u00e1 gobernando con bast\u00f3n en manos de ella, el comandante guinda ordena a su sucesora qu\u00e9 no hacer y qu\u00e9 s\u00ed, ejemplo: recular en la reforma judicial anunciando el predicador que la semana pr\u00f3xima empezar\u00e1n las consultas, ella, obediente.<\/p>\n<p>Al hijo predilecto de Macuspana e \u00eddolo de muchos centroamericanos, con credencial del INE incluso, y que habitan en estados del sureste preferentemente, le importa poco que antes de las elecciones el peso se cotizara en $16.40 por d\u00f3lar y ayer subiera a 19 pesos; \u201cla econom\u00eda est\u00e1 bien, aguanta\u201d responde sonriente a reporteros ma\u00f1aneros, esos que preguntan para que se adorne.<\/p>\n<p>\u00c9l no podr\u00e1 quejarse el haber escogido para sucederlo a una HIJA DESOBEDIENTE, como se autonombr\u00f3 el michoacano que desobedeci\u00f3 a Fox y gan\u00f3 la Presidencia de la Rep\u00fablica por medio punto a quien ahora sigue presumiendo ser uno de los mandatarios m\u00e1s queridos del mundo.<\/p>\n<p>Pero el tema de hoy son los partidos en EXTREMAUNCI\u00d3N, PAN Y PRI, en ese orden por su antig\u00fcedad de fundaci\u00f3n, evitando un poco a los\u00a0 mal pensados\u00a0 para este escribiente, a cambio de los eruditos en eso de la ciencia pol\u00edtica, a quienes les agradezco sus calificadas correcciones por el simple hecho de ocupar parte de su valioso tiempo en leerme.<\/p>\n<p>Pero antes de entrar en la extremaunci\u00f3n, le adelanto la VIDA ARTIFICIAL de los PARTIDOS PALEROS que hoy est\u00e1n en idilio amoroso-comicial con Morena, pero antes hicieron lo mismo con el PARTIDAZO en sus mejores tiempos, pues los verdes hab\u00edan sido aliados al tricolor y el PT hasta antes de que Morena creciera, debi\u00f3 su vida gracias a una elecci\u00f3n federal extraordinaria que le hizo volver a recuperar su registro.<\/p>\n<p>PAN-. De prestigiado nacimiento con un ex rector de la UNAM como fundador, el licenciado Manuel G\u00f3mez Mor\u00edn, el Partido Acci\u00f3n Nacional fue un partido de oposici\u00f3n, sin recursos p\u00fablicos y cuando el naciente Partido de la Revoluci\u00f3n Mexicana, PRM, ten\u00eda en el presidente L\u00e1zaro C\u00e1rdenas del R\u00edo a su principal estandarte de acci\u00f3n.<\/p>\n<p>El PRM de Plutarco El\u00edas Calles se transform\u00f3 en PRM y ahora se conoce como PRI<\/p>\n<p>Por puentes y r\u00edos azules por la pureza del agua -hoy escas\u00edsima- ha corrido por todas las direcciones, tantos como los puntos por los que las decenas de presidentes del PAN han ocupado el cargo, el \u00faltimo, Marko con K. Ya habr\u00e1 tiempo para analizar sus desempe\u00f1os pero ha tenido buenos, aunque usted no lo crea. \u00bfEjemplos?, Carlos Enrique Castillo Peraza y\u2026vamos al\u2026<\/p>\n<p><strong>PRI-.<\/strong> Tambi\u00e9n el tricolor tuvo buenos presidentes, Reyes, Heroles, Mu\u00f1oz Ledo como fuera de serie y\u2026 seguiremos.<\/p>\n<p>Su extremaunci\u00f3n es por los P\u00c9SIMOS RESULTADOS del 2 de junio.<\/p>\n<p><em><a href=\"mailto:elefa44@gmail.com\" target=\"_blank\" rel=\"noopener noreferrer\">elefa44@gmail.com<\/a><\/em><\/p>\n","protected":false},"excerpt":{"rendered":"<p><span style=\"color: #005497;\"><strong>Eleazar Flores<\/strong><\/span><\/p>\n","protected":false},"author":3,"featured_media":0,"comment_status":"open","ping_status":"open","sticky":false,"template":"","format":"standard","meta":{"_monsterinsights_skip_tracking":false,"_monsterinsights_sitenote_active":false,"_monsterinsights_sitenote_note":"","_monsterinsights_sitenote_category":0,"footnotes":""},"categories":[81743],"tags":[81744,81776,43674],"class_list":["post-622578","post","type-post","status-publish","format-standard","hentry","category-eleazar-flores","tag-eleazar-flores","tag-espacio-electoral","tag-opinion"],"_links":{"self":[{"href":"https:\/\/www.diarioimagen.net\/index.php?rest_route=\/wp\/v2\/posts\/622578","targetHints":{"allow":["GET"]}}],"collection":[{"href":"https:\/\/www.diarioimagen.net\/index.php?rest_route=\/wp\/v2\/posts"}],"about":[{"href":"https:\/\/www.diarioimagen.net\/index.php?rest_route=\/wp\/v2\/types\/post"}],"author":[{"embeddable":true,"href":"https:\/\/www.diarioimagen.net\/index.php?rest_route=\/wp\/v2\/users\/3"}],"replies":[{"embeddable":true,"href":"https:\/\/www.diarioimagen.net\/index.php?rest_route=%2Fwp%2Fv2%2Fcomments&post=622578"}],"version-history":[{"count":0,"href":"https:\/\/www.diarioimagen.net\/index.php?rest_route=\/wp\/v2\/posts\/622578\/revisions"}],"wp:attachment":[{"href":"https:\/\/www.diarioimagen.net\/index.php?rest_route=%2Fwp%2Fv2%2Fmedia&parent=622578"}],"wp:term":[{"taxonomy":"category","embeddable":true,"href":"https:\/\/www.diarioimagen.net\/index.php?rest_route=%2Fwp%2Fv2%2Fcategories&post=622578"},{"taxonomy":"post_tag","embeddable":true,"href":"https:\/\/www.diarioimagen.net\/index.php?rest_route=%2Fwp%2Fv2%2Ftags&post=622578"}],"curies":[{"name":"wp","href":"https:\/\/api.w.org\/{rel}","templated":true}]}}