{"id":622643,"date":"2024-06-14T00:07:55","date_gmt":"2024-06-14T06:07:55","guid":{"rendered":"https:\/\/www.diarioimagen.net\/?p=622643"},"modified":"2024-06-17T00:17:05","modified_gmt":"2024-06-17T06:17:05","slug":"el-sueno-que-el-pugilista-de-la-uaemex-oscar-palma-castaneda-convirtio-en-medalla-de-oro","status":"publish","type":"post","link":"https:\/\/www.diarioimagen.net\/?p=622643","title":{"rendered":"El sue\u00f1o que el pugilista de la UAEM\u00e9x, \u00d3scar Palma  Casta\u00f1eda, convirti\u00f3 en medalla de oro"},"content":{"rendered":"<p>&nbsp;<\/p>\n<div id=\"attachment_622738\" style=\"width: 470px\" class=\"wp-caption aligncenter\"><a href=\"https:\/\/www.diarioimagen.net\/?attachment_id=622738\" rel=\"attachment wp-att-622738\"><img loading=\"lazy\" decoding=\"async\" aria-describedby=\"caption-attachment-622738\" class=\"size-full wp-image-622738\" src=\"https:\/\/www.diarioimagen.net\/wp-content\/uploads\/2024\/06\/uaem-pugilista.jpg\" alt=\"\" width=\"460\" height=\"270\" \/><\/a><p id=\"caption-attachment-622738\" class=\"wp-caption-text\">El esfuerzo y dedicaci\u00f3n de Oscar Palma tuvo como fruto una medalla de oro en la Universiada Nacional 2024, que se realiz\u00f3 en Aguascalientes.<\/p><\/div>\n<p>&nbsp;<\/p>\n<p><strong>Toluca, Estado de M\u00e9xico.<\/strong>\u2014 \u00d3scar Gabriel Palma Casta\u00f1eda, estudiante de la Facultad de Ciencias de la Conducta de la Universidad Aut\u00f3noma del Estado de M\u00e9xico (UAEM\u00e9x), conquist\u00f3 el primer lugar en la categor\u00eda de 91 kilogramos de box, ganando as\u00ed la medalla de oro en la Universiada Nacional 2024, que se desarroll\u00f3 en la Universidad Aut\u00f3noma de Aguascalientes, el pasado mes de mayo.<\/p>\n<p>\u201cTuve el sentimiento de nostalgia y satisfacci\u00f3n, pues todo lo sacrificado y el esfuerzo tuvo sus frutos\u201d, expres\u00f3 el estudiante de cuarto semestre de la Licenciatura en Cultura F\u00edsica y Deporte.<\/p>\n<p>Ser universitario le ha permitido compaginar su formaci\u00f3n acad\u00e9mica con el box y, al mismo tiempo, superar las exigencias y obst\u00e1culos de ambas actividades. \u201cHa sido un poco estresante porque cuando ten\u00eda que asistir a clases o entregar trabajos, me complicaba realizar mis entrenamientos, sin embargo, en esos d\u00edas lo compensaba con ir a correr o saltar la cuerda\u201d. Palma Casta\u00f1eda cursa materias como motricidad y deportes de combate que le han ayudado a tener m\u00e1s fundamentos t\u00e9cnicos, adem\u00e1s, le ha dado la oportunidad de ver m\u00e1s all\u00e1 de sus capacidades y desarrollar estrategias para vencer a sus contrincantes.<\/p>\n<p>Gabi, como tambi\u00e9n es conocido, recuerda que su gusto por el deporte comenz\u00f3 a los nueve a\u00f1os de edad jugando f\u00fatbol, en la comunidad donde vive y su encuentro con el box fue a los 17 a\u00f1os. Este \u00faltimo le ha dado diversas satisfacciones, como haber quedado campe\u00f3n en su participaci\u00f3n en dos ocasiones, en 2021 y 2022, en la Copa Estado de M\u00e9xico de la Comisi\u00f3n Nacional del Deporte (CONADE).<\/p>\n<p>De la mano de sus entrenadores, Lucio Serrano, quien lo ejercita en Santa Mar\u00eda Jajalpa, y Sim\u00f3n Reyes, en la UAEM\u00e9x, busca seguir mejorando. \u201cEl box no solamente es tirar golpes, sino se trata de inteligencia y es m\u00e1s visto como un juego de ajedrez, ya que la reacci\u00f3n debe ser m\u00e1s precisa y exacta\u201d, se\u00f1al\u00f3 Palma Casta\u00f1eda.<\/p>\n<p>Concluy\u00f3 que valores como la constancia, perseverancia, disciplina, respeto y humildad son fundamentales para desarrollarse en el \u00e1mbito deportivo, pero tambi\u00e9n en el profesional. A compa\u00f1eros y generaciones que vienen atr\u00e1s recomend\u00f3 trabajar tanto el aspecto f\u00edsico como el mental.<\/p>\n","protected":false},"excerpt":{"rendered":"<p>\u00d3scar Gabriel Palma Casta\u00f1eda, estudiante de la Facultad de Ciencias de la Conducta de la Universidad Aut\u00f3noma del Estado de M\u00e9xico (UAEM\u00e9x), conquist\u00f3 el primer lugar en la categor\u00eda de 91 kilogramos de box, ganando as\u00ed la medalla de oro en la Universiada Nacional 2024, que se desarroll\u00f3 en la Universidad Aut\u00f3noma de Aguascalientes, el pasado mes de mayo.<\/p>\n","protected":false},"author":3,"featured_media":622738,"comment_status":"open","ping_status":"open","sticky":false,"template":"","format":"standard","meta":{"_monsterinsights_skip_tracking":false,"_monsterinsights_sitenote_active":false,"_monsterinsights_sitenote_note":"","_monsterinsights_sitenote_category":0,"footnotes":""},"categories":[5],"tags":[100090,100091,67878],"class_list":["post-622643","post","type-post","status-publish","format-standard","has-post-thumbnail","hentry","category-estado-de-mexico","tag-oscar-gabriel-palma-castaneda","tag-pugilista","tag-uaemex"],"_links":{"self":[{"href":"https:\/\/www.diarioimagen.net\/index.php?rest_route=\/wp\/v2\/posts\/622643","targetHints":{"allow":["GET"]}}],"collection":[{"href":"https:\/\/www.diarioimagen.net\/index.php?rest_route=\/wp\/v2\/posts"}],"about":[{"href":"https:\/\/www.diarioimagen.net\/index.php?rest_route=\/wp\/v2\/types\/post"}],"author":[{"embeddable":true,"href":"https:\/\/www.diarioimagen.net\/index.php?rest_route=\/wp\/v2\/users\/3"}],"replies":[{"embeddable":true,"href":"https:\/\/www.diarioimagen.net\/index.php?rest_route=%2Fwp%2Fv2%2Fcomments&post=622643"}],"version-history":[{"count":0,"href":"https:\/\/www.diarioimagen.net\/index.php?rest_route=\/wp\/v2\/posts\/622643\/revisions"}],"wp:featuredmedia":[{"embeddable":true,"href":"https:\/\/www.diarioimagen.net\/index.php?rest_route=\/wp\/v2\/media\/622738"}],"wp:attachment":[{"href":"https:\/\/www.diarioimagen.net\/index.php?rest_route=%2Fwp%2Fv2%2Fmedia&parent=622643"}],"wp:term":[{"taxonomy":"category","embeddable":true,"href":"https:\/\/www.diarioimagen.net\/index.php?rest_route=%2Fwp%2Fv2%2Fcategories&post=622643"},{"taxonomy":"post_tag","embeddable":true,"href":"https:\/\/www.diarioimagen.net\/index.php?rest_route=%2Fwp%2Fv2%2Ftags&post=622643"}],"curies":[{"name":"wp","href":"https:\/\/api.w.org\/{rel}","templated":true}]}}