{"id":622647,"date":"2024-06-14T00:03:37","date_gmt":"2024-06-14T06:03:37","guid":{"rendered":"https:\/\/www.diarioimagen.net\/?p=622647"},"modified":"2024-06-14T01:23:42","modified_gmt":"2024-06-14T07:23:42","slug":"estima-sedeco-derrama-por-3700-mdp-por-dia-del-padre","status":"publish","type":"post","link":"https:\/\/www.diarioimagen.net\/?p=622647","title":{"rendered":"Estima Sedeco derrama por 3,700 mdp por D\u00eda del Padre"},"content":{"rendered":"<p>&nbsp;<\/p>\n<ul>\n<li><em><strong>Compra en l\u00ednea juega un papel importante en ventas<\/strong><\/em><\/li>\n<\/ul>\n<p><strong>\u00a0<\/strong><\/p>\n<div id=\"attachment_622775\" style=\"width: 470px\" class=\"wp-caption aligncenter\"><a href=\"https:\/\/www.diarioimagen.net\/?attachment_id=622775\" rel=\"attachment wp-att-622775\"><img loading=\"lazy\" decoding=\"async\" aria-describedby=\"caption-attachment-622775\" class=\"size-full wp-image-622775\" src=\"https:\/\/www.diarioimagen.net\/wp-content\/uploads\/2024\/06\/estima-sedeco.jpg\" alt=\"\" width=\"460\" height=\"270\" \/><\/a><p id=\"caption-attachment-622775\" class=\"wp-caption-text\">La Secretar\u00eda de Desarrollo Econ\u00f3mico estima una derrama econ\u00f3mica superior a los 3 mil 700 millones de pesos en la celebraci\u00f3n del D\u00eda del Padre.<\/p><\/div>\n<p>&nbsp;<\/p>\n<p><strong>Toluca, Estado de M\u00e9xico.\u2014 <\/strong>Con motivo de las celebraciones por el D\u00eda del Padre en el Estado de M\u00e9xico, la Secretar\u00eda de Desarrollo Econ\u00f3mico (Sedeco) estima una derrama econ\u00f3mica superior a los 3 mil 700 millones de pesos, 15 por ciento m\u00e1s que el a\u00f1o anterior, como resultado del aumento del empleo formal en el sector privado donde, de acuerdo con el Instituto Mexicano del Seguro Social (IMSS) la entidad ocupa el primer lugar nacional.<\/p>\n<p>Este domingo 16 de junio, durante los festejos a los pap\u00e1s, se espera que el sector servicios como restaurantes, comercios minoristas de tecnolog\u00eda, telefon\u00eda m\u00f3vil, electr\u00f3nicos, art\u00edculos deportivos, ropa, calzado cuidado personal, joyer\u00eda y relojes sean los principales beneficiarios, evidenciando un incremento en la preferencia de los consumidores mexiquenses que celebrar\u00e1n a partir del s\u00e1bado 15 de junio, durante esta edici\u00f3n 2024.<\/p>\n<p>Octavio de la Torre, Presidente de la Confederaci\u00f3n de C\u00e1maras Nacionales de Comercio, Servicios y Turismo (Concanaco-Servytur) inform\u00f3 que a nivel nacional, el pr\u00f3ximo 16 de junio, se espera una derrama econ\u00f3mica de 42 mil millones de pesos en el marco del festejo del D\u00eda del Padre. Esta cifra representar\u00eda un 10 por ciento m\u00e1s que el a\u00f1o anterior, donde se alcanz\u00f3 un impacto econ\u00f3mico de 38 mil 500 millones de pesos para el pa\u00eds y 3 mil millones de pesos para el Estado de M\u00e9xico.<\/p>\n<p>Por otra parte, el comercio en l\u00ednea desde 2020, ha jugado un papel importante en la econom\u00eda mundial, sin que pase desapercibido el territorio mexicano. Seg\u00fan datos de la Asociaci\u00f3n Mexicana de Venta Online (AMVO), durante 2023, 66 millones de personas en M\u00e9xico adquirieron alg\u00fan producto o servicio utilizando alguna plataforma digital para encontrar cualquier producto disponible y evitar el gasto en tiempos y traslados, con el beneficio de hacer y recibir compras en su domicilio.<\/p>\n<p>En 2023, las ventas online en M\u00e9xico alcanzaron la cifra de 658 mil millones de pesos, marcando un aumento de m\u00e1s de 24 por ciento con respecto al 2022, que fue de 528 mil millones de peso.<\/p>\n<p>Las regiones con m\u00e1s altos niveles de crecimiento fueron el Sureste y Centro del pa\u00eds, que superan el 29 por ciento del total nacional.<\/p>\n<p>Entre las categor\u00edas que m\u00e1s crecimiento han experimentado destacan: Moda 42 por ciento; Electrodom\u00e9sticos peque\u00f1os 38 por ciento; y Productos de consumo masivo como bebidas no alcoh\u00f3licas 37 por ciento; Belleza y cuidado personal 33 por ciento.<\/p>\n<p>En 2024, y considerando las compras Online, el gasto promedio de las familias para el regalo del D\u00eda del Padre rondar\u00e1 los mil 300 pesos, un aumento del 15 por ciento en comparaci\u00f3n con la edici\u00f3n D\u00eda del Padre 2023, donde el promedio fue de entre 750 y mil 100 pesos.<\/p>\n<p>Los sectores m\u00e1s populares del comercio digital mexicano incluyen las tiendas online con el mayor volumen de ventas al por menor en el pa\u00eds como Mercado Libre, Amazon y Walmart M\u00e9xico.<\/p>\n","protected":false},"excerpt":{"rendered":"<p>Con motivo de las celebraciones por el D\u00eda del Padre en el Estado de M\u00e9xico, la Secretar\u00eda de Desarrollo Econ\u00f3mico (Sedeco) estima una derrama econ\u00f3mica superior a los 3 mil 700 millones de pesos, 15 por ciento m\u00e1s que el a\u00f1o anterior, como resultado del aumento del empleo formal en el sector privado donde, de acuerdo con el Instituto Mexicano del Seguro Social (IMSS) la entidad ocupa el primer lugar nacional.<\/p>\n","protected":false},"author":3,"featured_media":622775,"comment_status":"open","ping_status":"open","sticky":false,"template":"","format":"standard","meta":{"_monsterinsights_skip_tracking":false,"_monsterinsights_sitenote_active":false,"_monsterinsights_sitenote_note":"","_monsterinsights_sitenote_category":0,"footnotes":""},"categories":[5,99730],"tags":[46048,6523,196],"class_list":["post-622647","post","type-post","status-publish","format-standard","has-post-thumbnail","hentry","category-estado-de-mexico","category-edomex","tag-derrama","tag-dia-del-padre","tag-sedeco"],"_links":{"self":[{"href":"https:\/\/www.diarioimagen.net\/index.php?rest_route=\/wp\/v2\/posts\/622647","targetHints":{"allow":["GET"]}}],"collection":[{"href":"https:\/\/www.diarioimagen.net\/index.php?rest_route=\/wp\/v2\/posts"}],"about":[{"href":"https:\/\/www.diarioimagen.net\/index.php?rest_route=\/wp\/v2\/types\/post"}],"author":[{"embeddable":true,"href":"https:\/\/www.diarioimagen.net\/index.php?rest_route=\/wp\/v2\/users\/3"}],"replies":[{"embeddable":true,"href":"https:\/\/www.diarioimagen.net\/index.php?rest_route=%2Fwp%2Fv2%2Fcomments&post=622647"}],"version-history":[{"count":0,"href":"https:\/\/www.diarioimagen.net\/index.php?rest_route=\/wp\/v2\/posts\/622647\/revisions"}],"wp:featuredmedia":[{"embeddable":true,"href":"https:\/\/www.diarioimagen.net\/index.php?rest_route=\/wp\/v2\/media\/622775"}],"wp:attachment":[{"href":"https:\/\/www.diarioimagen.net\/index.php?rest_route=%2Fwp%2Fv2%2Fmedia&parent=622647"}],"wp:term":[{"taxonomy":"category","embeddable":true,"href":"https:\/\/www.diarioimagen.net\/index.php?rest_route=%2Fwp%2Fv2%2Fcategories&post=622647"},{"taxonomy":"post_tag","embeddable":true,"href":"https:\/\/www.diarioimagen.net\/index.php?rest_route=%2Fwp%2Fv2%2Ftags&post=622647"}],"curies":[{"name":"wp","href":"https:\/\/api.w.org\/{rel}","templated":true}]}}