{"id":622652,"date":"2024-06-14T00:01:05","date_gmt":"2024-06-14T06:01:05","guid":{"rendered":"https:\/\/www.diarioimagen.net\/?p=622652"},"modified":"2024-06-14T01:25:08","modified_gmt":"2024-06-14T07:25:08","slug":"exhortan-a-empresarios-a-sumarse-a-la-lucha-contra-trabajo-infantil-en-cuautitlan-izcalli","status":"publish","type":"post","link":"https:\/\/www.diarioimagen.net\/?p=622652","title":{"rendered":"Exhortan a empresarios a sumarse a la lucha contra trabajo infantil en Cuautitl\u00e1n Izcalli"},"content":{"rendered":"<p>&nbsp;<\/p>\n<ul>\n<li><em><strong>Efectos perjudiciales en su seguridad y salud<\/strong><\/em><\/li>\n<\/ul>\n<p>&nbsp;<\/p>\n<div id=\"attachment_622771\" style=\"width: 470px\" class=\"wp-caption aligncenter\"><a href=\"https:\/\/www.diarioimagen.net\/?attachment_id=622771\" rel=\"attachment wp-att-622771\"><img loading=\"lazy\" decoding=\"async\" aria-describedby=\"caption-attachment-622771\" class=\"size-full wp-image-622771\" src=\"https:\/\/www.diarioimagen.net\/wp-content\/uploads\/2024\/06\/exhortan-empresarios.jpg\" alt=\"\" width=\"460\" height=\"270\" \/><\/a><p id=\"caption-attachment-622771\" class=\"wp-caption-text\">El trabajo infantil peligroso puede producir efectos perjudiciales en la seguridad, salud f\u00edsica y emocional y desarrollo moral de las ni\u00f1as, ni\u00f1os\u00a0y adolescentes.<\/p><\/div>\n<p>&nbsp;<\/p>\n<p><strong>Cuautitl\u00e1n Izcalli, Estado de M\u00e9xico.\u2014<\/strong> En el marco del D\u00eda Mundial contra el Trabajo Infantil, el gobierno municipal que preside Karla Fiesco Garc\u00eda, a trav\u00e9s del Sistema Municipal para el Desarrollo Integral de la Familia, exhorta a los empresarios y propietarios de las unidades econ\u00f3micas de la demarcaci\u00f3n, para que se sumen a los trabajos de prevenci\u00f3n y erradicaci\u00f3n de trabajo infantil dentro de Cuautitl\u00e1n Izcalli, con la finalidad de atender el inter\u00e9s superior de las ni\u00f1as, ni\u00f1os y adolescentes.<\/p>\n<p>En este sentido, el Sistema Municipal para el Desarrollo Integral de la Familia, a trav\u00e9s de la Procuradur\u00eda Municipal de Protecci\u00f3n de Ni\u00f1as, Ni\u00f1os y Adolescentes de Cuautitl\u00e1n Izcalli, informa que el trabajo infantil peligroso por su naturaleza o caracter\u00edsticas tiene o puede producir efectos perjudiciales en la seguridad, salud f\u00edsica y emocional y desarrollo moral de las ni\u00f1as, ni\u00f1os y adolescentes, que se presenta en sus formas m\u00e1s complejas como la esclavitud, explotaci\u00f3n sexual y actividades il\u00edcitas.<\/p>\n<p>Por otra parte, los j\u00f3venes de 15 a 17 a\u00f1os que realicen actividades que no afecten e interfieran en su educaci\u00f3n o desarrollo integral; no representan riesgo o peligro alguno y no violentan sus derechos humanos y laborales, estar\u00e1n llevando a cabo un trabajo permitido siempre y cuando les genere conocimientos, fortalezca sus habilidades sociales, fomente la responsabilidad y garantice sus derechos.<\/p>\n<p>Es necesario que las ni\u00f1as, ni\u00f1os y adolescentes tengan acceso a la educaci\u00f3n como una herramienta transformadora, por lo que si se desea conocer m\u00e1s acerca de la legislaci\u00f3n en materia de trabajo infantil se puede consultar la p\u00e1gina del SMDIF, <em>https:\/\/difizcalli.gob.mx\/eeftyzoa\/2023\/02\/Legislacion-en-materia-de-Trabajo-Infantil-Portal-DIF.pdf<\/em> y sumarte a las acciones de difusi\u00f3n de la misma, como una medida preventiva para evitar el trabajo infantil.<\/p>\n","protected":false},"excerpt":{"rendered":"<p>En el marco del D\u00eda Mundial contra el Trabajo Infantil, el gobierno municipal que preside Karla Fiesco Garc\u00eda, a trav\u00e9s del Sistema Municipal para el Desarrollo Integral de la Familia, exhorta a los empresarios y propietarios de las unidades econ\u00f3micas de la demarcaci\u00f3n, para que se sumen a los trabajos de prevenci\u00f3n y erradicaci\u00f3n de trabajo infantil dentro de Cuautitl\u00e1n Izcalli, con la finalidad de atender el inter\u00e9s superior de las ni\u00f1as, ni\u00f1os y adolescentes.<\/p>\n","protected":false},"author":3,"featured_media":622771,"comment_status":"open","ping_status":"open","sticky":false,"template":"","format":"standard","meta":{"_monsterinsights_skip_tracking":false,"_monsterinsights_sitenote_active":false,"_monsterinsights_sitenote_note":"","_monsterinsights_sitenote_category":0,"footnotes":""},"categories":[5],"tags":[971,43675,46346,100094],"class_list":["post-622652","post","type-post","status-publish","format-standard","has-post-thumbnail","hentry","category-estado-de-mexico","tag-cuautitlan-izcalli","tag-estado-de-mexico","tag-lucha","tag-trabajo-infantilo"],"_links":{"self":[{"href":"https:\/\/www.diarioimagen.net\/index.php?rest_route=\/wp\/v2\/posts\/622652","targetHints":{"allow":["GET"]}}],"collection":[{"href":"https:\/\/www.diarioimagen.net\/index.php?rest_route=\/wp\/v2\/posts"}],"about":[{"href":"https:\/\/www.diarioimagen.net\/index.php?rest_route=\/wp\/v2\/types\/post"}],"author":[{"embeddable":true,"href":"https:\/\/www.diarioimagen.net\/index.php?rest_route=\/wp\/v2\/users\/3"}],"replies":[{"embeddable":true,"href":"https:\/\/www.diarioimagen.net\/index.php?rest_route=%2Fwp%2Fv2%2Fcomments&post=622652"}],"version-history":[{"count":0,"href":"https:\/\/www.diarioimagen.net\/index.php?rest_route=\/wp\/v2\/posts\/622652\/revisions"}],"wp:featuredmedia":[{"embeddable":true,"href":"https:\/\/www.diarioimagen.net\/index.php?rest_route=\/wp\/v2\/media\/622771"}],"wp:attachment":[{"href":"https:\/\/www.diarioimagen.net\/index.php?rest_route=%2Fwp%2Fv2%2Fmedia&parent=622652"}],"wp:term":[{"taxonomy":"category","embeddable":true,"href":"https:\/\/www.diarioimagen.net\/index.php?rest_route=%2Fwp%2Fv2%2Fcategories&post=622652"},{"taxonomy":"post_tag","embeddable":true,"href":"https:\/\/www.diarioimagen.net\/index.php?rest_route=%2Fwp%2Fv2%2Ftags&post=622652"}],"curies":[{"name":"wp","href":"https:\/\/api.w.org\/{rel}","templated":true}]}}