{"id":622693,"date":"2024-06-14T00:00:54","date_gmt":"2024-06-14T06:00:54","guid":{"rendered":"https:\/\/www.diarioimagen.net\/?p=622693"},"modified":"2024-06-14T00:33:39","modified_gmt":"2024-06-14T06:33:39","slug":"en-mexico-97-millones-de-personas-usan-internet","status":"publish","type":"post","link":"https:\/\/www.diarioimagen.net\/?p=622693","title":{"rendered":"En M\u00e9xico, 97 millones de personas usan internet"},"content":{"rendered":"<h2>Hora 14<\/h2>\n<h5>Mauricio Conde Olivares<\/h5>\n<p>&nbsp;<\/p>\n<p>En M\u00e9xico est\u00e1 por celebrarse el D\u00eda del Padre este pr\u00f3ximo domingo 16 de junio. Aunque el festejo suele ser modesto, reflejo de la humildad con que los padres asumen la responsabilidad de ser proveedores del hogar y procurar, antes que otra cosa, el bienestar de la familia, la fecha frecuentemente est\u00e1 marcada por reuniones familiares sencillas y uno que otro detalle.<\/p>\n<p>La Alianza Nacional de Peque\u00f1os Comerciantes (ANPEC) llev\u00f3 a cabo un sondeo sobre el costo de la reuni\u00f3n para diez personas con una tradicional carne asada, encontrando que tal convivio representa un gasto promedio de $2,554 pesos.<\/p>\n<p>Con relaci\u00f3n a los art\u00edculos m\u00e1s regalados ese d\u00eda y sus precios, el sondeo mostr\u00f3 que se trata de ropa (camisa o pantal\u00f3n) con un costo que puede ir desde los $350 a los $900 pesos; calzado (zapatos o tenis), que se pueden encontrar desde $400 a $1,200 pesos; accesorios (reloj, cartera, cintur\u00f3n, lentes, lentes de sol), cuyo precio puede variar entre $300 y $1,200 pesos y art\u00edculos para afeitado, que van desde $490 a los $1,000 pesos.<\/p>\n<p>Mientras usted hace sus cuentas, le inform\u00f3 que en Canc\u00fan, por iniciativa del Encargado de Despacho de la Presidencia Municipal, Pablo Guti\u00e9rrez Fern\u00e1ndez, el Cabildo de Benito Ju\u00e1rez aprob\u00f3 de manera un\u00e1nime diversas reformas a reglamentos municipales para que se optimice la entrega de los incentivos escolares a trav\u00e9s del Programa Municipal de \u00datiles Escolares, que favorece a alumnos de nivel b\u00e1sico.<\/p>\n<p>Como parte del acuerdo durante la Sexag\u00e9sima Sexta Sesi\u00f3n Ordinaria, se aval\u00f3 considerar como asunto de urgente y obvia resoluci\u00f3n dichas modificaciones normativas para que no se dupliquen los beneficios que la administraci\u00f3n da a niveles preescolar, primaria, secundaria y especial, por lo que se propuso cambiar el concepto de \u201c\u00fatiles\u201d a \u201capoyos escolares\u201d, para que se incluyan en \u00e9stos \u00faltimos: paquete de \u00fatiles escolares o uniformes o calzado escolar. Con ello, las reformas al Bando de Gobierno y Polic\u00eda, al Reglamento Interior de la Secretar\u00eda Municipal de Desarrollo Social y Econ\u00f3mico, as\u00ed como al Manual de Procedimientos del Programa Municipal de \u00datiles Escolares de Benito Ju\u00e1rez, precisan que s\u00ed la autoridad estatal otorga \u00fatiles escolares, la administraci\u00f3n municipal podr\u00eda entregar uniformes o zapatos escolares, seg\u00fan fuera el caso o viceversa.<\/p>\n<p>\u201cSiempre hemos trabajado de manera coordinada los tres \u00f3rdenes de gobierno y con esto se busca no duplicar ese incentivo para las y los estudiantes de Canc\u00fan; abrimos el espectro de los apoyos escolares y estaremos coordin\u00e1ndonos con el Gobierno del Estado\u201d, dijo el Encargado de Despacho de la Presidencia Municipal.<\/p>\n<p>En otro tema, a fin de salvaguardar la imagen del municipio, el cuerpo cabildar vot\u00f3 de forma un\u00e1nime por diferentes reformas al Reglamento de Anuncios y Publicidad de Benito Ju\u00e1rez, para sancionar a las personas f\u00edsicas y morales que publiciten sus bienes o servicios en el mobiliario urbano p\u00fablico o privado, as\u00ed como establecer convenios con empresas privadas que tengan a su cargo ese tipo de infraestructura, como la Comisi\u00f3n Federal de Electricidad (CFE) y Tel\u00e9fonos de M\u00e9xico (TELMEX).<br \/>\nPara finalizar, aceptaron por unanimidad turnar a la comisi\u00f3n de Turismo, Ecolog\u00eda y Medio Ambiente la carta de intenci\u00f3n para hermanar Canc\u00fan con la ciudad metropolitana de N\u00e1poles, Italia, para su estudio, valoraci\u00f3n y dictamen correspondiente.<\/p>\n<p>Ahora, d\u00e9jeme comentarle sobre la disponibilidad y el uso de tecnolog\u00edas de la informaci\u00f3n en hogares, pues seg\u00fan INEGI en 2023 conforme la encuesta nacional al respecto, 97.0 millones de personas en M\u00e9xico usaban internet, es decir, 81.2 % de la poblaci\u00f3n de 6 a\u00f1os o m\u00e1s.<\/p>\n<p>En el mismo periodo, 97.2 millones de personas usaban un tel\u00e9fono celular, lo que equivali\u00f3 a 81.4 % de la poblaci\u00f3n de 6 a\u00f1os o m\u00e1s. 43.8 % de los hogares dispon\u00eda de computadora (laptop, tablet o de escritorio), lo que correspondi\u00f3 a 16.9 millones de hogares. La ENDUTIH, siglas de la encuesta nacional, estim\u00f3 que 34.9 millones de hogares contaban con al menos un televisor, lo que represent\u00f3 90.4 % del total de hogares.<\/p>\n<p>En 2023, el grupo de 18 a 24 a\u00f1os present\u00f3 el mayor porcentaje de personas usuarias de internet, con 96.7 por ciento. Entre 2022 y 2023, el grupo con mayor incremento fue el de 55 a 64 a\u00f1os, que aument\u00f3 6.9 puntos porcentuales su uso de internet. El grupo de 12 a 17 a\u00f1os present\u00f3 la misma participaci\u00f3n (92.4 %) en este periodo.<\/p>\n<p>En 2023, el internet se us\u00f3 con m\u00e1s frecuencia para comunicarse (93.3 %), para acceder a redes sociales (91.5 %) y para entretenimiento (88.1 %). Uno de los usos menos comunes fue el de ventas por internet: 11.8 % de las personas declar\u00f3 realizar esta actividad.<\/p>\n<p>Las entidades federativas con los mayores porcentajes de personas usuarias de internet en 2023 fueron: Quintana Roo (91.6 %), Baja California (90.9 %) y Jalisco (89.7 %). Las que registraron los menores porcentajes fueron: Veracruz de Ignacio de la Llave (71.8 %), Oaxaca (70.6 %) y Chiapas (59.9 %). En 2023, con respecto al promedio de tiempo de uso de internet, las personas usuarias de 18 a 24 a\u00f1os registraron el promedio m\u00e1s alto, con 5.9 horas por d\u00eda. Siguieron las personas de 25 a 34 a\u00f1os y de 12 a 17 a\u00f1os, con 5.6 y 4.7 horas por d\u00eda, respectivamente.<\/p>\n<p>El tel\u00e9fono celular fue una de las tecnolog\u00edas con mayor uso entre la poblaci\u00f3n. La encuesta estim\u00f3 que, en 2023, hab\u00eda 97.2 millones de personas usuarias de esta tecnolog\u00eda: 10 millones m\u00e1s que en 2020. La poblaci\u00f3n de 6 a\u00f1os o m\u00e1s, usuaria de tel\u00e9fono celular, pas\u00f3 de 75.1 a 81.4 %, lo que represent\u00f3 un incremento de 6.3 puntos porcentuales entre 2020 y 2023.<\/p>\n<p>En 2023, el gasto promedio de contratos de prepago de telefon\u00eda celular entre las personas usuarias fue de 155.4 pesos al mes, y para quienes ten\u00edan un contrato de pospago fue de 439.6 pesos. En ambos casos, el gasto disminuy\u00f3, con respecto a 2020, en 21.1 y 58.7 pesos, respectivamente.<\/p>\n<p>La encuesta estim\u00f3 que 20.0 % de los hogares dispon\u00eda de dispositivos inteligentes conectados a internet o a una red local, lo que equivali\u00f3 a 7.7 millones de hogares. La bocina o asistente del hogar fue el dispositivo m\u00e1s popular, con 63.7 %; los sistemas de video vigilancia tuvieron una participaci\u00f3n de 34.8 %, y los dispositivos de entretenimiento, una de 24.7 %.<\/p>\n<p>La ENDUTIH estim\u00f3 que, en 2023, hab\u00eda 97 millones de personas usuarias de internet, lo que represent\u00f3 81.2 % de la poblaci\u00f3n de 6 a\u00f1os o m\u00e1s. El aumento fue de 9.7 puntos porcentuales con respecto a 2020.<\/p>\n<p>Para 2023, en el \u00e1mbito urbano, 85.5 % de las personas de 6 a\u00f1os o m\u00e1s utiliz\u00f3 internet; en el rural, el porcentaje fue 66.0 por ciento. El crecimiento de personas usuarias de internet en el \u00e1mbito rural respecto a 2022 fue de 3.7 puntos porcentuales.<\/p>\n<p>En 2023, por primera vez, el porcentaje de mujeres usuarias de internet fue superior al de los hombres. La diferencia fue de 0.4 puntos porcentuales: 81.4 % correspondi\u00f3 a mujeres y 81.0 %, a hombres.<\/p>\n<p>En 2023, el grupo de 18 a 24 a\u00f1os present\u00f3 el mayor porcentaje de personas usuarias de internet con 96.7 por ciento. Siguieron los grupos de 25 a 34 a\u00f1os y de 12 a 17 a\u00f1os, con 94.1 y 92.4 %, respectivamente. El grupo de 25 a 34 a\u00f1os aument\u00f3 7.6 puntos porcentuales en relaci\u00f3n con 2020, y el de 12 a 17 a\u00f1os, 2.7 puntos porcentuales. Las personas usuarias de 35 a 44 a\u00f1os registraron 89.7 por ciento. El grupo de edad que menos us\u00f3 internet fue el de 65 o m\u00e1s a\u00f1os, con una participaci\u00f3n de 39.2 por ciento. Entre 2020 y 2023, continu\u00f3 al alza el grupo de 55 a 64 a\u00f1os, con un aumento en 19.1 puntos porcentuales. El de 6 a 11 a\u00f1os present\u00f3 una ligera disminuci\u00f3n de 0.7 puntos porcentuales, entre 2022 y 2023.<\/p>\n<p>Tambi\u00e9n, usted debe saber que Mujeres al Volante es una iniciativa de PepsiCo M\u00e9xico que impulsa el desarrollo profesional de sus colaboradoras para alcanzar posiciones tradicionalmente ocupadas por hombres como la de chofer.<\/p>\n<p>El programa brinda capacitaci\u00f3n para conducir unidades est\u00e1ndar, apoyo econ\u00f3mico para tramitar la licencia especializada y esquemas laborales flexibles. De este modo, se busca romper con los estereotipos de g\u00e9nero que asocian a las mujeres a roles y actividades laborales espec\u00edficas, y a su vez, desarrollar nuevas habilidades y potenciar su carrera profesional.<\/p>\n<p>En M\u00e9xico, el autotransporte de carga aporta 3.3 % del producto interno bruto (PIB), sin embargo, de acuerdo con el Censo Econ\u00f3mico del INEGI 2019, apenas 11.4 % de las personas ocupadas en este ramo son mujeres. A pesar de ello, las mujeres han ganado una representaci\u00f3n de 3 % en el ramo de tractocamiones. Por su parte, la posici\u00f3n de chofer vendedor en PepsiCo ocupa 8 % de participaci\u00f3n femenina, el doble comparado con la media nacional. \u201cNuestra meta es continuar promoviendo la equidad de g\u00e9nero con programas que ofrecen igualdad de oportunidades laborales e inspirar a m\u00e1s mujeres para que tracen su camino como operadoras\u201d, asegur\u00f3 Rosalina Tornel, vicepresidenta de Gamesa Quaker y Sonrics de PepsiCo Alimentos M\u00e9xico.<\/p>\n<p>El programa comenz\u00f3 a operar en 2023 y a la fecha se han sumado m\u00e1s de 78 mujeres. Est\u00e1 presente en 39 ciudades de 6 regiones del pa\u00eds y su convocatoria est\u00e1 abierta durante todo el a\u00f1o. Para poder participar, se solicita que las colaboradoras sepan manejar veh\u00edculos de transmisi\u00f3n autom\u00e1tica, que tengan licencia tipo A (de automovilista); y que tengan pasi\u00f3n por las ventas.<\/p>\n<p>Algunas de las ciudades donde opera incluyen: Canc\u00fan, Tijuana, Mexicali, Culiac\u00e1n, Los Cabos, Hermosillo, Tepic, Obreg\u00f3n; Ciudad Ju\u00e1rez, Ciudad Victoria, G\u00f3mez Palacio, Piedras Negras, Monterrey, Chihuahua, Reynosa; Colima, Guadalajara, Le\u00f3n, Morelia, Quer\u00e9taro, Irapuato, Puebla, Pachuca, Cuernavaca, Acapulco; Cuautitl\u00e1n, Naucalpan, Toluca; Xalapa, M\u00e9rida, Oaxaca, Tuxtla Guti\u00e9rrez, Veracruz y Villahermosa; empero, lo anterior ser\u00e1 motivo de otro an\u00e1lisis en posterior entrega de HORA 14.<\/p>\n<p><em><a href=\"mailto:%20mauricio_conde@msn.com\" target=\"_blank\" rel=\"noopener noreferrer\">mauricioconde59@outlook.com<\/a><\/em><br \/>\n<em>X: <a href=\"https:\/\/twitter.com\/mauconde?lang=es\" target=\"_blank\" rel=\"noopener\">@mauconde<\/a><\/em><\/p>\n","protected":false},"excerpt":{"rendered":"<p><span style=\"color: #005497;\"><strong>Mauricio Conde Olivares<\/strong><\/span><\/p>\n","protected":false},"author":3,"featured_media":0,"comment_status":"open","ping_status":"open","sticky":false,"template":"","format":"standard","meta":{"_monsterinsights_skip_tracking":false,"_monsterinsights_sitenote_active":false,"_monsterinsights_sitenote_note":"","_monsterinsights_sitenote_category":0,"footnotes":""},"categories":[35889],"tags":[50221],"class_list":["post-622693","post","type-post","status-publish","format-standard","hentry","category-mauricio-conde-olivares","tag-hora-14-mauricio-conde-olivares"],"_links":{"self":[{"href":"https:\/\/www.diarioimagen.net\/index.php?rest_route=\/wp\/v2\/posts\/622693","targetHints":{"allow":["GET"]}}],"collection":[{"href":"https:\/\/www.diarioimagen.net\/index.php?rest_route=\/wp\/v2\/posts"}],"about":[{"href":"https:\/\/www.diarioimagen.net\/index.php?rest_route=\/wp\/v2\/types\/post"}],"author":[{"embeddable":true,"href":"https:\/\/www.diarioimagen.net\/index.php?rest_route=\/wp\/v2\/users\/3"}],"replies":[{"embeddable":true,"href":"https:\/\/www.diarioimagen.net\/index.php?rest_route=%2Fwp%2Fv2%2Fcomments&post=622693"}],"version-history":[{"count":0,"href":"https:\/\/www.diarioimagen.net\/index.php?rest_route=\/wp\/v2\/posts\/622693\/revisions"}],"wp:attachment":[{"href":"https:\/\/www.diarioimagen.net\/index.php?rest_route=%2Fwp%2Fv2%2Fmedia&parent=622693"}],"wp:term":[{"taxonomy":"category","embeddable":true,"href":"https:\/\/www.diarioimagen.net\/index.php?rest_route=%2Fwp%2Fv2%2Fcategories&post=622693"},{"taxonomy":"post_tag","embeddable":true,"href":"https:\/\/www.diarioimagen.net\/index.php?rest_route=%2Fwp%2Fv2%2Ftags&post=622693"}],"curies":[{"name":"wp","href":"https:\/\/api.w.org\/{rel}","templated":true}]}}