{"id":622699,"date":"2024-06-14T00:13:10","date_gmt":"2024-06-14T06:13:10","guid":{"rendered":"https:\/\/www.diarioimagen.net\/?p=622699"},"modified":"2024-06-14T00:39:49","modified_gmt":"2024-06-14T06:39:49","slug":"reformas","status":"publish","type":"post","link":"https:\/\/www.diarioimagen.net\/?p=622699","title":{"rendered":"Reformas"},"content":{"rendered":"<h2>Se comenta s\u00f3lo con\u2026<\/h2>\n<h5>Carlos Ramos Padilla<\/h5>\n<p>&nbsp;<\/p>\n<p>El Presidente, en una abierta terquedad, insiste en una reforma al Poder Judicial sin entender lo peligroso que esto resulta. Sus ideas reformistas rayan en lo absurdo al pretender disminuir o desaparecer la fuerza de los poderes de las Uni\u00f3n.<\/p>\n<p>Ya logr\u00f3 doblar por completo al Legislativo aplicando una de las f\u00f3rmulas m\u00e1s nocivas y anacr\u00f3nicas del pasado: el mayoriteo.<\/p>\n<p>As\u00ed como muchos se dejaron comprar para votar sin meditar en la trascendencia de la decisi\u00f3n, as\u00ed algunos personajes, la mayor\u00eda de diputados morenistas, permanecen sumisos ante el Presidente sin considerar los fuertes da\u00f1os que en un futuro cercano se pueden registrar.<\/p>\n<p>Una de las reformas m\u00e1s importantes es la del Poder Judicial de la Federaci\u00f3n. De siempre, AMLO ha exhibido su abierto rechazo a la Suprema Corte de la Naci\u00f3n, su misoginia, su af\u00e1n de control, su urgente idea por concluir con su autonom\u00eda y la propuesta de imponer impartidores de la ley a su modo e inter\u00e9s personal.<\/p>\n<p>El Presidente ha luchado por desaparecer a la autonom\u00eda universitaria, a los \u00f3rganos aut\u00f3nomos y demeritar la categor\u00eda y fuerza del Poder Judicial, nada m\u00e1s insensato para una democracia libre y ejemplar.<\/p>\n<p>Eliminar al INAI es suponer que estaremos aislados de la informaci\u00f3n m\u00e1s relevante que nos interesa a todos. Es saber c\u00f3mo son los manejos de nuestros recursos. Es proteger nuestros datos personales. Es evitar, como lo hace a su antojo el Presidente, que se \u201creserve\u201d la informaci\u00f3n por a\u00f1os.<\/p>\n<p>Por ello, estas dos instituciones deben prevalecer adem\u00e1s de otras que con su quiebre, no el INE, dan marcha atr\u00e1s a avances significativos logrados por la misma sociedad.<\/p>\n<p>El antes IFE ciudadanizado fue secuestrado por los pol\u00edticos y sus partidos y ya vimos las consecuencias. Se cuidan o destruyen entre s\u00ed, sin dar importancia al mandato social.<\/p>\n<p>Eso pretende ocurra en la Suprema Corte hoy bajo la presidencia de una mujer, Norma Pi\u00f1a Hern\u00e1ndez, de excelentes cartas de presentaci\u00f3n y de innegable honorabilidad.<\/p>\n<p>Poner a un supuesto debate la reforma judicial es un mero discurso medi\u00e1tico que a nada conduce. Los m\u00e1s sabios, doctos y preparados personajes e instituciones en la materia han dejado muy clara su posici\u00f3n de rechazo.<\/p>\n<p>Lo mismo ha ocurri\u00f3 con los \u00f3rganos aut\u00f3nomos, que por escrito han demandado atenci\u00f3n de Claudia Sheinbaum.<\/p>\n<p>Estamos, pues, llegando a un esquema in\u00fatil de confrontaci\u00f3n en donde incluso est\u00e1 en juego el historial laboral de miles de trabajadores. Aseveraciones como aquella de \u201cno me salgan con que la ley es la ley\u201d o \u201cno denuncien es perder el tiempo\u201d retrata en fondo y forma el porqu\u00e9 de las pretendidas modificaciones. Si hay lugar a corrupci\u00f3n dentro del Poder Judicial que se ofrezcan los elementos, se abra la investigaci\u00f3n correspondiente, se denuncie y se sancione.<\/p>\n<p>Si se trata de buscar celeridad, compromiso y cumplimiento, que se modifiquen las mec\u00e1nicas de trabajo para evitar burocratismo. Pero no se puede acusar de il\u00edcitos e irregularidades de un poder a otro cuando el sancionador tiene mucho que explicar de las fuertes sospechas de corrupci\u00f3n en sus filas.<\/p>\n<p>No necesita M\u00e9xico de instituciones amputadas, cojas, manipuladas, arrodilladas a elecciones o encuestas disfrazadas.<\/p>\n<p>Los personajes deber\u00e1n llegar al cargo, a cumplir con sus responsabilidades cumpliendo con c\u00f3digos de honor, mostrando m\u00e9ritos, eficiencia, honorabilidad y talento, mucho talento. Proponer sus nombramientos por apuestas o t\u00f3mbolas callejeras es un primitivismo insultante.<\/p>\n<p>Sabemos que hay legisladores que no saben ni cu\u00e1ntos articulados presenta la Carta Magna o que son asquerosamente ne\u00f3fitos de las leyes y ah\u00ed est\u00e1n, por conveniencia del patr\u00f3n.<\/p>\n<p>Debemos defender a las instituciones, no mandarlas al diablo, buscar su perfecci\u00f3n, su calidad, su fuerza, eso nos har\u00e1 mejores.<\/p>\n<p><a href=\"https:\/\/twitter.com\/cramospadilla?ref_src=twsrc%5Egoogle%7Ctwcamp%5Eserp%7Ctwgr%5Eauthor\" target=\"_blank\" rel=\"noopener\"><em>@cramospadilla<\/em><\/a><\/p>\n","protected":false},"excerpt":{"rendered":"<p><span style=\"color: #005497;\"><strong>Carlos Ramos Padilla<\/strong><\/span><\/p>\n","protected":false},"author":3,"featured_media":0,"comment_status":"open","ping_status":"open","sticky":false,"template":"","format":"standard","meta":{"_monsterinsights_skip_tracking":false,"_monsterinsights_sitenote_active":false,"_monsterinsights_sitenote_note":"","_monsterinsights_sitenote_category":0,"footnotes":""},"categories":[97109],"tags":[97108,43674,97107],"class_list":["post-622699","post","type-post","status-publish","format-standard","hentry","category-carlos-ramos-padilla","tag-carlos-ramos-padilla","tag-opinion","tag-se-comenta-solo-con"],"_links":{"self":[{"href":"https:\/\/www.diarioimagen.net\/index.php?rest_route=\/wp\/v2\/posts\/622699","targetHints":{"allow":["GET"]}}],"collection":[{"href":"https:\/\/www.diarioimagen.net\/index.php?rest_route=\/wp\/v2\/posts"}],"about":[{"href":"https:\/\/www.diarioimagen.net\/index.php?rest_route=\/wp\/v2\/types\/post"}],"author":[{"embeddable":true,"href":"https:\/\/www.diarioimagen.net\/index.php?rest_route=\/wp\/v2\/users\/3"}],"replies":[{"embeddable":true,"href":"https:\/\/www.diarioimagen.net\/index.php?rest_route=%2Fwp%2Fv2%2Fcomments&post=622699"}],"version-history":[{"count":0,"href":"https:\/\/www.diarioimagen.net\/index.php?rest_route=\/wp\/v2\/posts\/622699\/revisions"}],"wp:attachment":[{"href":"https:\/\/www.diarioimagen.net\/index.php?rest_route=%2Fwp%2Fv2%2Fmedia&parent=622699"}],"wp:term":[{"taxonomy":"category","embeddable":true,"href":"https:\/\/www.diarioimagen.net\/index.php?rest_route=%2Fwp%2Fv2%2Fcategories&post=622699"},{"taxonomy":"post_tag","embeddable":true,"href":"https:\/\/www.diarioimagen.net\/index.php?rest_route=%2Fwp%2Fv2%2Ftags&post=622699"}],"curies":[{"name":"wp","href":"https:\/\/api.w.org\/{rel}","templated":true}]}}