{"id":622795,"date":"2024-06-17T00:01:54","date_gmt":"2024-06-17T06:01:54","guid":{"rendered":"https:\/\/www.diarioimagen.net\/?p=622795"},"modified":"2024-06-17T22:26:29","modified_gmt":"2024-06-18T04:26:29","slug":"conatrib-y-poderes-de-la-union-abocados-a-la-mision-de-nuestro-tiempo-mag-guerra-alvarez","status":"publish","type":"post","link":"https:\/\/www.diarioimagen.net\/?p=622795","title":{"rendered":"Conatrib y poderes de la Uni\u00f3n, abocados a la misi\u00f3n de nuestro tiempo: mag. Guerra \u00c1lvarez"},"content":{"rendered":"<p>&nbsp;<\/p>\n<ul>\n<li><strong><em>El presidente de la Comisi\u00f3n se refiri\u00f3 as\u00ed a la consolidaci\u00f3n del sistema de justicia laboral, la implementaci\u00f3n del CNPCyF y de la Ley General de Mecanismos Alternativos de Soluci\u00f3n de Controversias<\/em><\/strong><\/li>\n<\/ul>\n<p>&nbsp;<\/p>\n<div id=\"attachment_622885\" style=\"width: 480px\" class=\"wp-caption aligncenter\"><a href=\"https:\/\/www.diarioimagen.net\/?attachment_id=622885\" rel=\"attachment wp-att-622885\"><img loading=\"lazy\" decoding=\"async\" aria-describedby=\"caption-attachment-622885\" class=\"wp-image-622885\" src=\"https:\/\/www.diarioimagen.net\/wp-content\/uploads\/2024\/06\/tribunal-3.jpg\" alt=\"\" width=\"470\" height=\"196\" \/><\/a><p id=\"caption-attachment-622885\" class=\"wp-caption-text\">En la inauguraci\u00f3n de la Segunda Asamblea Plenaria Ordinaria 2024, el presidente del Poder Judicial del Estado de Coahuila, magistrado Felipe Mery Ayup, destac\u00f3 que, bajo el liderazgo del magistrado Guerra, la Conatrib particip\u00f3 de forma in\u00e9dita en la elaboraci\u00f3n del CNPCyF.<\/p><\/div>\n<p>&nbsp;<\/p>\n<p>La Comisi\u00f3n Nacional de Tribunales Superiores de Justicia de los Estados Unidos Mexicanos (Conatrib), junto con los poderes de la Uni\u00f3n, est\u00e1 abocada a la misi\u00f3n de \u201cnuestro tiempo\u201d, que es la consolidaci\u00f3n del sistema de justicia laboral, la implementaci\u00f3n del C\u00f3digo Nacional de Procedimientos Civiles y Familiares (CNPCyF), y de la Ley General de Mecanismos Alternativos de Soluci\u00f3n de Controversias, asegur\u00f3 su presidente, magistrado Rafael Guerra \u00c1lvarez.<\/p>\n<p>En la inauguraci\u00f3n de la Segunda Asamblea Plenaria Ordinaria 2024, y con la presencia del gobernador del estado, Manolo Jim\u00e9nez Salinas, el presidente del Poder Judicial del Estado de Coahuila de Zaragoza, magistrado Felipe Mery Ayup, enfatiz\u00f3 que, bajo el liderazgo del magistrado Guerra \u00c1lvarez la Conatrib particip\u00f3 de forma in\u00e9dita en la elaboraci\u00f3n del CNPCyF, con el que se transformar\u00e1 sin precedentes el acceso a la justicia en esas materias.<\/p>\n<p>En su discurso, el magistrado Guerra \u00c1lvarez destac\u00f3 la presencia del gobernador Jim\u00e9nez Salinas, a quien dijo que su apoyo fortalece a la Conatrib para allanar, avenir y construir soluciones a los retos en gobernabilidad, estado de derecho e impartici\u00f3n de justicia.<\/p>\n<p>Resalt\u00f3 que hoy Coahuila es ejemplo nacional de seguridad, coordinaci\u00f3n gubernamental y confianza ciudadana; \u201cagradecemos su presencia por ser testimonio de unidad y trabajo conjunto por una agenda de seguridad y justicia aliada con la Conatrib\u201d, agreg\u00f3.<\/p>\n<p>Agradeci\u00f3 tanto al mandatario como a los titulares de los poderes Legislativo y Judicial de la entidad, diputada Luz Elena Guadalupe Morales N\u00fa\u00f1ez y magistrado Felipe Mery Ayup, respectivamente, por recibir a la Conatrib, y plante\u00f3 que la organizaci\u00f3n convoca voluntades para unirse por una naci\u00f3n, un pueblo, una Constituci\u00f3n y una \u00e9poca, y pidi\u00f3 abrazar esa responsabilidad con entusiasmo.<\/p>\n<p>Al referirse a los trabajos de la asamblea plenaria, en la que participan presidentas y presidentes, as\u00ed como representantes de los 32 poderes judiciales que conforman la Conatrib, subray\u00f3 el contenido de una agenda destinada a emprender grandes cambios para la naci\u00f3n.<\/p>\n<p>En ese marco, previo a inaugurar los trabajos de la Conatrib, el gobernador Jim\u00e9nez Salinas destac\u00f3 la coordinaci\u00f3n entre instituciones de seguridad en la entidad.<\/p>\n<p>\u201cLo importante es que aqu\u00ed cuando sucede algo hay una respuesta contundente y fulminante por parte de las instituciones del Estado. Aqu\u00ed en Coahuila mandan las instituciones y eso es muy importante, as\u00ed es que gracias al Poder Judicial de Coahuila por ayudarnos a mantener a nuestro estado como uno de los estados m\u00e1s seguros de M\u00e9xico\u201d, dijo.<\/p>\n<p>En tanto, el magistrado Mery Ayup tambi\u00e9n destac\u00f3 la participaci\u00f3n de la Conatrib en la Ley General de Mecanismos Alternativos de Soluci\u00f3n de Controversias, y, al dirigirse al magistrado Guerra, mencion\u00f3 que \u201cgracias a sus gestiones no solo incidimos en las leyes, sino su implementaci\u00f3n\u201d.<\/p>\n<p>Plante\u00f3 que M\u00e9xico requiere tribunales fuertes, unidos, aut\u00f3nomos e independientes, y, al mismo tiempo, responsables y transparentes, capaces de construir agendas conjuntas para garantizar una justicia efectiva a todos los sectores de la poblaci\u00f3n.<\/p>\n<p>Durante este d\u00eda, los integrantes de la Conatrib desahogar\u00e1n una agenda que incluye temas como la creaci\u00f3n de un fondo nacional de fortalecimiento de la justicia local y los resultados de los trabajos de la Comisi\u00f3n para la coordinaci\u00f3n del sistema de justicia civil y familiar ante el Senado y el apoyo a la construcci\u00f3n de est\u00e1ndares<\/p>\n<p>Asimismo, se conocer\u00e1 el avance del informe de la concentraci\u00f3n de opiniones de los poderes judiciales respecto a la prisi\u00f3n preventiva oficiosa; se abordar\u00e1n puntos relativos a los exhortos electr\u00f3nicos en materia de rectificaci\u00f3n de acta, y se conocer\u00e1n los avances de la Red Nacional de Mecanismos Alternativos de Soluci\u00f3n de Controversias.<\/p>\n","protected":false},"excerpt":{"rendered":"<p>La Comisi\u00f3n Nacional de Tribunales Superiores de Justicia de los Estados Unidos Mexicanos (Conatrib), junto con los poderes de la Uni\u00f3n, est\u00e1 abocada a la misi\u00f3n de \u201cnuestro tiempo\u201d, que es la consolidaci\u00f3n del sistema de justicia laboral, la implementaci\u00f3n del C\u00f3digo Nacional de Procedimientos Civiles y Familiares (CNPCyF), y de la Ley General de Mecanismos Alternativos de Soluci\u00f3n de Controversias, asegur\u00f3 su presidente, magistrado Rafael Guerra \u00c1lvarez.<\/p>\n","protected":false},"author":3,"featured_media":622886,"comment_status":"open","ping_status":"open","sticky":false,"template":"","format":"standard","meta":{"_monsterinsights_skip_tracking":false,"_monsterinsights_sitenote_active":false,"_monsterinsights_sitenote_note":"","_monsterinsights_sitenote_category":0,"footnotes":""},"categories":[6],"tags":[98519,4103],"class_list":["post-622795","post","type-post","status-publish","format-standard","has-post-thumbnail","hentry","category-cd-de-mexico","tag-cnpcyf","tag-conatrib"],"_links":{"self":[{"href":"https:\/\/www.diarioimagen.net\/index.php?rest_route=\/wp\/v2\/posts\/622795","targetHints":{"allow":["GET"]}}],"collection":[{"href":"https:\/\/www.diarioimagen.net\/index.php?rest_route=\/wp\/v2\/posts"}],"about":[{"href":"https:\/\/www.diarioimagen.net\/index.php?rest_route=\/wp\/v2\/types\/post"}],"author":[{"embeddable":true,"href":"https:\/\/www.diarioimagen.net\/index.php?rest_route=\/wp\/v2\/users\/3"}],"replies":[{"embeddable":true,"href":"https:\/\/www.diarioimagen.net\/index.php?rest_route=%2Fwp%2Fv2%2Fcomments&post=622795"}],"version-history":[{"count":0,"href":"https:\/\/www.diarioimagen.net\/index.php?rest_route=\/wp\/v2\/posts\/622795\/revisions"}],"wp:featuredmedia":[{"embeddable":true,"href":"https:\/\/www.diarioimagen.net\/index.php?rest_route=\/wp\/v2\/media\/622886"}],"wp:attachment":[{"href":"https:\/\/www.diarioimagen.net\/index.php?rest_route=%2Fwp%2Fv2%2Fmedia&parent=622795"}],"wp:term":[{"taxonomy":"category","embeddable":true,"href":"https:\/\/www.diarioimagen.net\/index.php?rest_route=%2Fwp%2Fv2%2Fcategories&post=622795"},{"taxonomy":"post_tag","embeddable":true,"href":"https:\/\/www.diarioimagen.net\/index.php?rest_route=%2Fwp%2Fv2%2Ftags&post=622795"}],"curies":[{"name":"wp","href":"https:\/\/api.w.org\/{rel}","templated":true}]}}