{"id":622798,"date":"2024-06-17T00:07:36","date_gmt":"2024-06-17T06:07:36","guid":{"rendered":"https:\/\/www.diarioimagen.net\/?p=622798"},"modified":"2024-06-17T22:25:50","modified_gmt":"2024-06-18T04:25:50","slug":"contribuye-uaemex-a-la-preservacion-arquitectonica-y-cultural-mexiquense","status":"publish","type":"post","link":"https:\/\/www.diarioimagen.net\/?p=622798","title":{"rendered":"Contribuye UAEM\u00e9x a la preservaci\u00f3n arquitect\u00f3nica y cultural mexiquense"},"content":{"rendered":"<p>&nbsp;<\/p>\n<div id=\"attachment_622881\" style=\"width: 470px\" class=\"wp-caption aligncenter\"><a href=\"https:\/\/www.diarioimagen.net\/?attachment_id=622881\" rel=\"attachment wp-att-622881\"><img loading=\"lazy\" decoding=\"async\" aria-describedby=\"caption-attachment-622881\" class=\"size-full wp-image-622881\" src=\"https:\/\/www.diarioimagen.net\/wp-content\/uploads\/2024\/06\/uaem-contribuye.jpg\" alt=\"\" width=\"460\" height=\"270\" \/><\/a><p id=\"caption-attachment-622881\" class=\"wp-caption-text\">Se llev\u00f3 a cabo el Levantamiento Arquitect\u00f3nico del Templo de la Santa Veracruz, realizado por estudiantes y docentes de la Facultad de Arquitectura y Dise\u00f1o de la UAEM\u00e9x.<\/p><\/div>\n<p>&nbsp;<\/p>\n<p><strong>Toluca, Estado de M\u00e9xico.<\/strong>\u2014 En cumplimiento de su labor como instituci\u00f3n p\u00fablica comprometida con la preservaci\u00f3n de la historia toluque\u00f1a en beneficio de la sociedad mexiquense, la Universidad Aut\u00f3noma del Estado de M\u00e9xico (UAEM\u00e9x), llev\u00f3 a cabo el Levantamiento Arquitect\u00f3nico del Templo de la Santa Veracruz, realizado por estudiantes y docentes de la Facultad de Arquitectura y Dise\u00f1o.<\/p>\n<p>En presencia del presidente Municipal de Toluca, Juan Maccise Naime, la secretaria de Difusi\u00f3n Cultural de la UAEM\u00e9x, Mar\u00eda de las Mercedes Portilla Luja, explic\u00f3 que la UAEM\u00e9x es una instituci\u00f3n sumamente comprometida con la sociedad, por ello, establece lazos de colaboraci\u00f3n con los sectores p\u00fablico, privado y social que permitan la actitud proactiva del estudiantado en la b\u00fasqueda de soluciones que beneficien a su entorno.<\/p>\n<p>Frente al director general de Desarrollo Urbano y Obras P\u00fablicas del Ayuntamiento de Toluca, Patricio Jim\u00e9nez Guti\u00e9rrez y del presidente del vigesimoquinto Consejo Directivo del Colegio de Arquitectos del Estado de M\u00e9xico, Jos\u00e9 Manuel Trigos L\u00f3pez, a\u00f1adi\u00f3 que la elaboraci\u00f3n de los planos que integran este levantamiento permiten la colaboraci\u00f3n de la comunidad universitaria con la sociedad toluque\u00f1a, pues de esta manera, el templo de la Santa Veracruz contar\u00e1 con un trabajo arquitect\u00f3nico que servir\u00e1 para su mantenimiento y remodelaciones futuras que le permitir\u00e1n seguir formando parte del patrimonio cultural mexiquense.<\/p>\n<p>En su oportunidad, el alcalde Juan Maccise Naime explic\u00f3 que este templo es testimonio invaluable de la herencia cultural, hist\u00f3rica y religiosa de la ciudad capital, por lo que reconoci\u00f3 el esfuerzo conjunto de la Aut\u00f3noma mexiquense con autoridades eclesi\u00e1sticas de la ciudad de Toluca, quienes trabajaron a favor de la preservaci\u00f3n de la cultura del Estado de M\u00e9xico, reiterando su compromiso para seguir apoyando iniciativas que promuevan el cuidado del patrimonio arquitect\u00f3nico que permanece y enriquece la cultura de la entidad mexiquense.<\/p>\n<p>En su intervenci\u00f3n, el director de la Facultad de Arquitectura y Dise\u00f1o, Xavier Gayt\u00e1n Zepeda, resalt\u00f3 la importancia de la participaci\u00f3n activa del estudiantado en el desarrollo de proyectos acad\u00e9micos con aplicaci\u00f3n directa en beneficio de la sociedad, pues adem\u00e1s de adquirir mayores habilidades y talentos, reiteran el compromiso que tienen con su comunidad al dar soluci\u00f3n a las necesidades sociales.<\/p>\n<p>El docente de la unidad de aprendizaje \u201cPatrimonio Hist\u00f3rico Arquitect\u00f3nico\u201d y asesor del proyecto, Enrique M\u00e9ndez Sosa, detall\u00f3 que este levantamiento constituye un importante avance dentro de la historia mexiquense, pues el templo de la Santa Veracruz no contaba con registros arquitect\u00f3nicos que pudieran consultarse para la seguridad del inmueble, por ello, agradeci\u00f3 a instancias gubernamentales y religiosas por el apoyo y facilidades brindadas durante el desarrollo del proyecto.<\/p>\n<p>Como parte de este evento, se llev\u00f3 a cabo la inauguraci\u00f3n de la Exposici\u00f3n de Proyectos Arquitect\u00f3nicos del Centro Multidisciplinario \u201cProf. Filiberto Navas Vald\u00e9s\u201d, a cargo del alumnado y docentes de la Facultad de Arquitectura y Dise\u00f1o de la Aut\u00f3noma mexiquense.<\/p>\n","protected":false},"excerpt":{"rendered":"<p>En cumplimiento de su labor como instituci\u00f3n p\u00fablica comprometida con la preservaci\u00f3n de la historia toluque\u00f1a en beneficio de la sociedad mexiquense, la Universidad Aut\u00f3noma del Estado de M\u00e9xico (UAEM\u00e9x), llev\u00f3 a cabo el Levantamiento Arquitect\u00f3nico del Templo de la Santa Veracruz, realizado por estudiantes y docentes de la Facultad de Arquitectura y Dise\u00f1o.<\/p>\n","protected":false},"author":3,"featured_media":622881,"comment_status":"open","ping_status":"open","sticky":false,"template":"","format":"standard","meta":{"_monsterinsights_skip_tracking":false,"_monsterinsights_sitenote_active":false,"_monsterinsights_sitenote_note":"","_monsterinsights_sitenote_category":0,"footnotes":""},"categories":[5],"tags":[43685,97045,67878],"class_list":["post-622798","post","type-post","status-publish","format-standard","has-post-thumbnail","hentry","category-estado-de-mexico","tag-cultura","tag-preservacion","tag-uaemex"],"_links":{"self":[{"href":"https:\/\/www.diarioimagen.net\/index.php?rest_route=\/wp\/v2\/posts\/622798","targetHints":{"allow":["GET"]}}],"collection":[{"href":"https:\/\/www.diarioimagen.net\/index.php?rest_route=\/wp\/v2\/posts"}],"about":[{"href":"https:\/\/www.diarioimagen.net\/index.php?rest_route=\/wp\/v2\/types\/post"}],"author":[{"embeddable":true,"href":"https:\/\/www.diarioimagen.net\/index.php?rest_route=\/wp\/v2\/users\/3"}],"replies":[{"embeddable":true,"href":"https:\/\/www.diarioimagen.net\/index.php?rest_route=%2Fwp%2Fv2%2Fcomments&post=622798"}],"version-history":[{"count":0,"href":"https:\/\/www.diarioimagen.net\/index.php?rest_route=\/wp\/v2\/posts\/622798\/revisions"}],"wp:featuredmedia":[{"embeddable":true,"href":"https:\/\/www.diarioimagen.net\/index.php?rest_route=\/wp\/v2\/media\/622881"}],"wp:attachment":[{"href":"https:\/\/www.diarioimagen.net\/index.php?rest_route=%2Fwp%2Fv2%2Fmedia&parent=622798"}],"wp:term":[{"taxonomy":"category","embeddable":true,"href":"https:\/\/www.diarioimagen.net\/index.php?rest_route=%2Fwp%2Fv2%2Fcategories&post=622798"},{"taxonomy":"post_tag","embeddable":true,"href":"https:\/\/www.diarioimagen.net\/index.php?rest_route=%2Fwp%2Fv2%2Ftags&post=622798"}],"curies":[{"name":"wp","href":"https:\/\/api.w.org\/{rel}","templated":true}]}}