{"id":622805,"date":"2024-06-17T00:05:42","date_gmt":"2024-06-17T06:05:42","guid":{"rendered":"https:\/\/www.diarioimagen.net\/?p=622805"},"modified":"2024-06-17T22:31:15","modified_gmt":"2024-06-18T04:31:15","slug":"la-mesa-de-coordinacion-para-la-construccion-de-la-paz-en-edomex-suma-186-sesiones-y-28-municipios-visitados","status":"publish","type":"post","link":"https:\/\/www.diarioimagen.net\/?p=622805","title":{"rendered":"La Mesa de Coordinaci\u00f3n para la Construcci\u00f3n de la Paz en Edomex suma 186 sesiones y 28 municipios visitados"},"content":{"rendered":"<p>&nbsp;<\/p>\n<ul>\n<li><strong><em>Horacio Duarte Olivares, Secretario General de Gobierno, preside la sesi\u00f3n\u00a0n\u00famero 186, con la representaci\u00f3n de la Gobernadora Delfina G\u00f3mez \u00c1lvarez<\/em><\/strong><\/li>\n<\/ul>\n<p>&nbsp;<\/p>\n<div id=\"attachment_622915\" style=\"width: 480px\" class=\"wp-caption aligncenter\"><a href=\"https:\/\/www.diarioimagen.net\/?attachment_id=622915\" rel=\"attachment wp-att-622915\"><img loading=\"lazy\" decoding=\"async\" aria-describedby=\"caption-attachment-622915\" class=\"wp-image-622915\" src=\"https:\/\/www.diarioimagen.net\/wp-content\/uploads\/2024\/06\/mes-de-coordinacion.jpg\" alt=\"\" width=\"470\" height=\"215\" \/><\/a><p id=\"caption-attachment-622915\" class=\"wp-caption-text\">Horacio Duarte Olivares, Secretario General de Gobierno, encabez\u00f3 en representaci\u00f3n de la gobernadora Delfina G\u00f3mez \u00c1lvarez la Mesa de Coordinaci\u00f3n para la Construcci\u00f3n de la Paz n\u00famero 186.<\/p><\/div>\n<p>&nbsp;<\/p>\n<p><strong>Toluca, Estado de M\u00e9xico.\u2014<\/strong> El Secretario General de Gobierno del Estado de M\u00e9xico, Horacio Duarte Olivares encabez\u00f3 en representaci\u00f3n de la Gobernadora Delfina G\u00f3mez \u00c1lvarez la Mesa de Coordinaci\u00f3n para la Construcci\u00f3n de la Paz, la n\u00famero 186 desde el inicio de la administraci\u00f3n de la Gobernadora Delfina G\u00f3mez \u00c1lvarez.<\/p>\n<p>En el seno de este mecanismo interinstitucional, que se ha reunido en 28 municipios mexiquenses, se coordinan esfuerzos y acciones de las diversas instancias de seguridad para combatir la delincuencia y devolver la paz y tranquilidad a la sociedad mexiquense; adem\u00e1s, se atienden temas de protecci\u00f3n civil y derechos humanos.<\/p>\n<p>Los municipios que han sido sedes de la misma son: Acolman, Atenco, Chalco, Chiconcuac, Chimalhuac\u00e1n, Coacalco, Ecatepec, Huehuetoca, Huixquilucan, Ixtapaluca, Jaltenco, Jocotitl\u00e1n, La Paz, Naucalpan, Nextlalpan, Nezahualc\u00f3yotl, Ray\u00f3n, San Felipe del Progreso, San Mart\u00edn de las Pir\u00e1mides, Tec\u00e1mac, Tejupilco, Tepetlaoxtoc, Texcoco, Tlalnepantla, Toluca, Tultitl\u00e1n, Zinacantepec y Zumpango.\u00a0 La Mesa de Coordinaci\u00f3n para la Construcci\u00f3n de la Paz cont\u00f3 con la asistencia de Andr\u00e9s Andrade T\u00e9llez, Secretario de Seguridad del Estado de M\u00e9xico, Jos\u00e9 Luis Cervantes Mart\u00ednez, Fiscal General de Justicia del Estado de M\u00e9xico.<\/p>\n<p>Adem\u00e1s de autoridades de las Secretar\u00edas de Marina, de la Defensa Nacional, de la Guardia Nacional, del Centro Nacional de Inteligencia, de la Comisi\u00f3n de Derechos Humanos del Estado de M\u00e9xico, y de Protecci\u00f3n Civil.<\/p>\n","protected":false},"excerpt":{"rendered":"<p>El Secretario General de Gobierno del Estado de M\u00e9xico, Horacio Duarte Olivares encabez\u00f3 en representaci\u00f3n de la Gobernadora Delfina G\u00f3mez \u00c1lvarez la Mesa de Coordinaci\u00f3n para la Construcci\u00f3n de la Paz, la n\u00famero 186 desde el inicio de la administraci\u00f3n de la Gobernadora Delfina G\u00f3mez \u00c1lvarez.<\/p>\n","protected":false},"author":3,"featured_media":622916,"comment_status":"open","ping_status":"open","sticky":false,"template":"","format":"standard","meta":{"_monsterinsights_skip_tracking":false,"_monsterinsights_sitenote_active":false,"_monsterinsights_sitenote_note":"","_monsterinsights_sitenote_category":0,"footnotes":""},"categories":[5,99730],"tags":[57859,43675,4470,452],"class_list":["post-622805","post","type-post","status-publish","format-standard","has-post-thumbnail","hentry","category-estado-de-mexico","category-edomex","tag-delfina-gomez-alvarez","tag-estado-de-mexico","tag-paz","tag-toluca"],"_links":{"self":[{"href":"https:\/\/www.diarioimagen.net\/index.php?rest_route=\/wp\/v2\/posts\/622805","targetHints":{"allow":["GET"]}}],"collection":[{"href":"https:\/\/www.diarioimagen.net\/index.php?rest_route=\/wp\/v2\/posts"}],"about":[{"href":"https:\/\/www.diarioimagen.net\/index.php?rest_route=\/wp\/v2\/types\/post"}],"author":[{"embeddable":true,"href":"https:\/\/www.diarioimagen.net\/index.php?rest_route=\/wp\/v2\/users\/3"}],"replies":[{"embeddable":true,"href":"https:\/\/www.diarioimagen.net\/index.php?rest_route=%2Fwp%2Fv2%2Fcomments&post=622805"}],"version-history":[{"count":0,"href":"https:\/\/www.diarioimagen.net\/index.php?rest_route=\/wp\/v2\/posts\/622805\/revisions"}],"wp:featuredmedia":[{"embeddable":true,"href":"https:\/\/www.diarioimagen.net\/index.php?rest_route=\/wp\/v2\/media\/622916"}],"wp:attachment":[{"href":"https:\/\/www.diarioimagen.net\/index.php?rest_route=%2Fwp%2Fv2%2Fmedia&parent=622805"}],"wp:term":[{"taxonomy":"category","embeddable":true,"href":"https:\/\/www.diarioimagen.net\/index.php?rest_route=%2Fwp%2Fv2%2Fcategories&post=622805"},{"taxonomy":"post_tag","embeddable":true,"href":"https:\/\/www.diarioimagen.net\/index.php?rest_route=%2Fwp%2Fv2%2Ftags&post=622805"}],"curies":[{"name":"wp","href":"https:\/\/api.w.org\/{rel}","templated":true}]}}