{"id":622837,"date":"2024-06-17T00:06:05","date_gmt":"2024-06-17T06:06:05","guid":{"rendered":"https:\/\/www.diarioimagen.net\/?p=622837"},"modified":"2024-06-17T22:31:45","modified_gmt":"2024-06-18T04:31:45","slug":"viaje-gratuito-en-mexibus-y-mexicable-para-menores-de-cinco-anos-personas-adultas-mayores-y-con-discapacidad","status":"publish","type":"post","link":"https:\/\/www.diarioimagen.net\/?p=622837","title":{"rendered":"Viaje gratuito en Mexib\u00fas y Mexicable para menores de 5 a\u00f1os, personas adultas mayores y con discapacidad"},"content":{"rendered":"<p>&nbsp;<\/p>\n<h2 style=\"text-align: center;\"><strong>A partir del 1 de julio<\/strong><\/h2>\n<p>&nbsp;<\/p>\n<ul>\n<li><strong><em>El gobierno de la maestra Delfina G\u00f3mez \u00c1lvarez apoya a sectores vulnerables con la gratuidad en estos sistemas de transporte masivo<\/em><\/strong><\/li>\n<\/ul>\n<p>&nbsp;<\/p>\n<div id=\"attachment_622913\" style=\"width: 470px\" class=\"wp-caption aligncenter\"><a href=\"https:\/\/www.diarioimagen.net\/?attachment_id=622913\" rel=\"attachment wp-att-622913\"><img loading=\"lazy\" decoding=\"async\" aria-describedby=\"caption-attachment-622913\" class=\"size-full wp-image-622913\" src=\"https:\/\/www.diarioimagen.net\/wp-content\/uploads\/2024\/06\/delfina-1.jpg\" alt=\"\" width=\"460\" height=\"270\" \/><\/a><p id=\"caption-attachment-622913\" class=\"wp-caption-text\">La gobernadora Delfina G\u00f3mez \u00c1lvarez durante la presentaci\u00f3n de la Tarjeta Movimex.<\/p><\/div>\n<p>&nbsp;<\/p>\n<p>A partir del 1 de julio pr\u00f3ximo viajar\u00e1n de manera gratuita en el Mexib\u00fas y Mexicable, adultos mayores, personas con discapacidad y ni\u00f1os menores de cinco a\u00f1os, as\u00ed lo anunci\u00f3 la gobernadora Delfina G\u00f3mez \u00c1lvarez durante la presentaci\u00f3n de la Tarjeta Movimex.<\/p>\n<p>\u201cCon esta acci\u00f3n los respaldamos en sus actividades diarias, la gratuidad en el transporte les permitir\u00e1 asistir a sus citas m\u00e9dicas, a sus centros de trabajo, a las escuelas, adem\u00e1s de participar en actividades de recreaci\u00f3n en la comunidad; es decir, tendr\u00e1n la posibilidad de moverse con total libertad\u201d, destac\u00f3 la gobernadora Delfina G\u00f3mez \u00c1lvarez.<\/p>\n<p>Aunado a esto, la maestra Delfina G\u00f3mez \u00c1lvarez refrend\u00f3 el compromiso de su administraci\u00f3n por brindar soluciones concretas y efectivas para brindar una movilidad digna y moderna para el pueblo mexiquense.<\/p>\n<p>Inform\u00f3 que su gobierno trabaja en la regularizaci\u00f3n del transporte p\u00fablico, as\u00ed como en el proyecto de la tercera l\u00ednea del Mexicable en Naucalpan y la operaci\u00f3n de autobuses el\u00e9ctricos en la L\u00ednea 2 del Mexib\u00fas.<\/p>\n<p>En este sentido, Daniel Sibaja Gonz\u00e1lez, secretario de Movilidad indic\u00f3 que la gratuidad del servicio en el Mexib\u00fas y Mexicable beneficiar\u00e1 a m\u00e1s de 500 mil personas en los primeros dos meses, es decir, julio y agosto.<\/p>\n<p>\u201cEl d\u00eda de hoy queda claro que la mejor pol\u00edtica social es un transporte de calidad, voltear a ver d\u00f3nde hubo siempre indiferencia y bastante corrupci\u00f3n. El pueblo del Estado de M\u00e9xico nos dice que no tenemos derecho a fallarles, aqu\u00ed depositaron millones de mexiquenses su esperanza para hacer un mejor gobierno, que encabeza la maestra Delfina G\u00f3mez\u201d, concluy\u00f3 el funcionario estatal.<\/p>\n<p>Con El Poder de Servir, el gobierno de Estado de M\u00e9xico emprende este tipo de acciones en beneficio del bienestar y la econom\u00eda de las familias mexiquenses, principalmente de los sectores vulnerables.<\/p>\n","protected":false},"excerpt":{"rendered":"<p>A partir del 1 de julio pr\u00f3ximo viajar\u00e1n de manera gratuita en el Mexib\u00fas y Mexicable, adultos mayores, personas con discapacidad y ni\u00f1os menores de cinco a\u00f1os, as\u00ed lo anunci\u00f3 la gobernadora Delfina G\u00f3mez \u00c1lvarez durante la presentaci\u00f3n de la Tarjeta Movimex.<\/p>\n","protected":false},"author":3,"featured_media":622913,"comment_status":"open","ping_status":"open","sticky":false,"template":"","format":"standard","meta":{"_monsterinsights_skip_tracking":false,"_monsterinsights_sitenote_active":false,"_monsterinsights_sitenote_note":"","_monsterinsights_sitenote_category":0,"footnotes":""},"categories":[5,99730],"tags":[24566,48644,100095,4798],"class_list":["post-622837","post","type-post","status-publish","format-standard","has-post-thumbnail","hentry","category-estado-de-mexico","category-edomex","tag-discapacidad","tag-gratis","tag-tarjeta-movimex","tag-viaje"],"_links":{"self":[{"href":"https:\/\/www.diarioimagen.net\/index.php?rest_route=\/wp\/v2\/posts\/622837","targetHints":{"allow":["GET"]}}],"collection":[{"href":"https:\/\/www.diarioimagen.net\/index.php?rest_route=\/wp\/v2\/posts"}],"about":[{"href":"https:\/\/www.diarioimagen.net\/index.php?rest_route=\/wp\/v2\/types\/post"}],"author":[{"embeddable":true,"href":"https:\/\/www.diarioimagen.net\/index.php?rest_route=\/wp\/v2\/users\/3"}],"replies":[{"embeddable":true,"href":"https:\/\/www.diarioimagen.net\/index.php?rest_route=%2Fwp%2Fv2%2Fcomments&post=622837"}],"version-history":[{"count":0,"href":"https:\/\/www.diarioimagen.net\/index.php?rest_route=\/wp\/v2\/posts\/622837\/revisions"}],"wp:featuredmedia":[{"embeddable":true,"href":"https:\/\/www.diarioimagen.net\/index.php?rest_route=\/wp\/v2\/media\/622913"}],"wp:attachment":[{"href":"https:\/\/www.diarioimagen.net\/index.php?rest_route=%2Fwp%2Fv2%2Fmedia&parent=622837"}],"wp:term":[{"taxonomy":"category","embeddable":true,"href":"https:\/\/www.diarioimagen.net\/index.php?rest_route=%2Fwp%2Fv2%2Fcategories&post=622837"},{"taxonomy":"post_tag","embeddable":true,"href":"https:\/\/www.diarioimagen.net\/index.php?rest_route=%2Fwp%2Fv2%2Ftags&post=622837"}],"curies":[{"name":"wp","href":"https:\/\/api.w.org\/{rel}","templated":true}]}}