{"id":622956,"date":"2024-06-18T00:04:14","date_gmt":"2024-06-18T06:04:14","guid":{"rendered":"https:\/\/www.diarioimagen.net\/?p=622956"},"modified":"2024-06-18T01:04:34","modified_gmt":"2024-06-18T07:04:34","slug":"inicio-la-segunda-campana-de-salud-visual-en-huixquilucan","status":"publish","type":"post","link":"https:\/\/www.diarioimagen.net\/?p=622956","title":{"rendered":"Inici\u00f3 la segunda campa\u00f1a de Salud visual en Huixquilucan"},"content":{"rendered":"<p>&nbsp;<\/p>\n<ul>\n<li><em><strong>Se lleva a cabo del 17 al 30 de junio<\/strong><\/em><\/li>\n<\/ul>\n<p>&nbsp;<\/p>\n<div id=\"attachment_623079\" style=\"width: 470px\" class=\"wp-caption aligncenter\"><a href=\"https:\/\/www.diarioimagen.net\/?attachment_id=623079\" rel=\"attachment wp-att-623079\"><img loading=\"lazy\" decoding=\"async\" aria-describedby=\"caption-attachment-623079\" class=\"size-full wp-image-623079\" src=\"https:\/\/www.diarioimagen.net\/wp-content\/uploads\/2024\/06\/inicia-segunda-huixquilucan.jpg\" alt=\"\" width=\"460\" height=\"270\" \/><\/a><p id=\"caption-attachment-623079\" class=\"wp-caption-text\">El gobierno de Huixqquilucan invit\u00f3 a la poblaci\u00f3n en general para asistir a la segunda campa\u00f1a de \u201cSalud Visual 2024\u201d.<\/p><\/div>\n<p>&nbsp;<\/p>\n<p><strong>Huixquilucan, Estado de M\u00e9xico.\u2014<\/strong> Con el objetivo detectar y, en su caso, atender oportunamente cualquier enfermedad ocular que padezcan ni\u00f1os y adultos, el gobierno de esta localidad, invit\u00f3 a la poblaci\u00f3n en general para asistir a la segunda campa\u00f1a de \u201cSalud Visual 2024\u201d , a trav\u00e9s de la cual se realizar\u00e1n ex\u00e1menes gratuitos que permitan identificar alg\u00fan padecimiento y acceder a lentes a bajo costo.<\/p>\n<p>La presidenta municipal Romina Contreras Carrasco inform\u00f3 que esta campa\u00f1a se llevar\u00e1 a cabo del 17 al 30 de junio en la Explanada Municipal, donde estar\u00e1n presentes especialistas, quienes realizar\u00e1n ex\u00e1menes de la vista a cualquier persona que as\u00ed lo requiera, con la intenci\u00f3n de contribuir a mejorar la salud visual de las y los huixquiluquenses, as\u00ed como apoyar su econom\u00eda familiar.<\/p>\n<p>\u201cLa salud y la econom\u00eda son factores vitales para todas las familias, por ello, a trav\u00e9s de esta Campa\u00f1a de Salud Visual, procuramos detectar y atender alg\u00fan padecimiento ocular, al tiempo de ofrecer consultas gratuitas y anteojos a bajo costo. Por ello, hacemos una atenta invitaci\u00f3n a quienes requieran alguna revisi\u00f3n o valoraci\u00f3n para que acudan con los especialistas que los estar\u00e1n atendiendo en la Explanada Municipal\u201d, expres\u00f3.<\/p>\n<p>Romina Contreras explic\u00f3 que los m\u00e9dicos realizar\u00e1n los ex\u00e1menes sin costo alguno y podr\u00e1n determinar si los pacientes requieren lentes, estudios o tratamientos adicionales, pues lo que se busca es que las y los huixquiluquenses cuenten con opciones para mejorar su salud, tener un diagn\u00f3stico adecuado, as\u00ed como ofrecer una atenci\u00f3n de calidad a bajo costo, por lo que hizo un llamado a los habitantes del municipio a que aprovechen esta campa\u00f1a.<\/p>\n<p>Entre los servicios que se ofrecer\u00e1n se encuentran optometr\u00eda geri\u00e1trica y pedi\u00e1trica, oftalmoscop\u00eda, contactolog\u00eda, valoraciones cl\u00ednicas de fondo de ojo y de \u00e1ngulos, ametrop\u00edas, cl\u00ednica ortoptia, detecci\u00f3n de patolog\u00edas, dislexia o astigmatismo alto, conjuntivitis, blefaritis, queratitis y atenci\u00f3n a ojo seco, alteraciones en retina y musculatura, entre otros y, en caso de requerir un tratamiento especializado, los pacientes son canalizados a otras instituciones.<\/p>\n","protected":false},"excerpt":{"rendered":"<p>Con el objetivo detectar y, en su caso, atender oportunamente cualquier enfermedad ocular que padezcan ni\u00f1os y adultos, el gobierno de esta localidad, invit\u00f3 a la poblaci\u00f3n en general para asistir a la segunda campa\u00f1a de \u201cSalud Visual 2024\u201d , a trav\u00e9s de la cual se realizar\u00e1n ex\u00e1menes gratuitos que permitan identificar alg\u00fan padecimiento y acceder a lentes a bajo costo.<\/p>\n","protected":false},"author":3,"featured_media":623079,"comment_status":"open","ping_status":"open","sticky":false,"template":"","format":"standard","meta":{"_monsterinsights_skip_tracking":false,"_monsterinsights_sitenote_active":false,"_monsterinsights_sitenote_note":"","_monsterinsights_sitenote_category":0,"footnotes":""},"categories":[18863],"tags":[43675,1097,100110],"class_list":["post-622956","post","type-post","status-publish","format-standard","has-post-thumbnail","hentry","category-salud-edomex","tag-estado-de-mexico","tag-huixquilucan","tag-salud-visual-2024"],"_links":{"self":[{"href":"https:\/\/www.diarioimagen.net\/index.php?rest_route=\/wp\/v2\/posts\/622956","targetHints":{"allow":["GET"]}}],"collection":[{"href":"https:\/\/www.diarioimagen.net\/index.php?rest_route=\/wp\/v2\/posts"}],"about":[{"href":"https:\/\/www.diarioimagen.net\/index.php?rest_route=\/wp\/v2\/types\/post"}],"author":[{"embeddable":true,"href":"https:\/\/www.diarioimagen.net\/index.php?rest_route=\/wp\/v2\/users\/3"}],"replies":[{"embeddable":true,"href":"https:\/\/www.diarioimagen.net\/index.php?rest_route=%2Fwp%2Fv2%2Fcomments&post=622956"}],"version-history":[{"count":0,"href":"https:\/\/www.diarioimagen.net\/index.php?rest_route=\/wp\/v2\/posts\/622956\/revisions"}],"wp:featuredmedia":[{"embeddable":true,"href":"https:\/\/www.diarioimagen.net\/index.php?rest_route=\/wp\/v2\/media\/623079"}],"wp:attachment":[{"href":"https:\/\/www.diarioimagen.net\/index.php?rest_route=%2Fwp%2Fv2%2Fmedia&parent=622956"}],"wp:term":[{"taxonomy":"category","embeddable":true,"href":"https:\/\/www.diarioimagen.net\/index.php?rest_route=%2Fwp%2Fv2%2Fcategories&post=622956"},{"taxonomy":"post_tag","embeddable":true,"href":"https:\/\/www.diarioimagen.net\/index.php?rest_route=%2Fwp%2Fv2%2Ftags&post=622956"}],"curies":[{"name":"wp","href":"https:\/\/api.w.org\/{rel}","templated":true}]}}