{"id":622957,"date":"2024-06-18T00:02:43","date_gmt":"2024-06-18T06:02:43","guid":{"rendered":"https:\/\/www.diarioimagen.net\/?p=622957"},"modified":"2024-06-18T00:58:53","modified_gmt":"2024-06-18T06:58:53","slug":"celebra-el-sindicato-de-maestros-al-servicio-del-estado-de-mexico-el-dia-del-padre","status":"publish","type":"post","link":"https:\/\/www.diarioimagen.net\/?p=622957","title":{"rendered":"Celebra el Sindicato de Maestros al Servicio del Estado de M\u00e9xico el D\u00eda del Padre"},"content":{"rendered":"<p>&nbsp;<\/p>\n<p><a href=\"https:\/\/www.diarioimagen.net\/?attachment_id=623075\" rel=\"attachment wp-att-623075\"><img loading=\"lazy\" decoding=\"async\" class=\"aligncenter size-full wp-image-623075\" src=\"https:\/\/www.diarioimagen.net\/wp-content\/uploads\/2024\/06\/celebra-sindicato.jpg\" alt=\"\" width=\"460\" height=\"270\" \/><\/a><\/p>\n<p>&nbsp;<\/p>\n<p><strong>Toluca, Estado de M\u00e9xico.\u2014 <\/strong>El Sindicato de Maestros al Servicio del Estado de M\u00e9xico (SMSEM) organiz\u00f3 una serie de celebraciones regionales con motivo del D\u00eda del Padre, dedicadas a reconocer y festejar a los docentes que tambi\u00e9n desempe\u00f1an el rol de padres.<\/p>\n<p>Las actividades se llevaron a cabo en varias sedes a lo largo del estado, ofreciendo una jornada llena de alegr\u00eda y camarader\u00eda. En cada regi\u00f3n, los maestros fueron recibidos con una programaci\u00f3n especial que incluy\u00f3 presentaciones musicales, actividades recreativas y rifas de premios.<\/p>\n<p>Estas celebraciones fueron una oportunidad para que los docentes pudieran disfrutar de un tiempo de calidad en compa\u00f1\u00eda de sus colegas, en un ambiente relajado y festivo. El secretario general del SMSEM, Marco Aurelio Carbajal Leyva, destac\u00f3 la importancia de reconocer a los padres de familia dentro del magisterio, quienes equilibran sus responsabilidades profesionales y familiares con dedicaci\u00f3n.<\/p>\n","protected":false},"excerpt":{"rendered":"<p>El Sindicato de Maestros al Servicio del Estado de M\u00e9xico (SMSEM) organiz\u00f3 una serie de celebraciones regionales con motivo del D\u00eda del Padre, dedicadas a reconocer y festejar a los docentes que tambi\u00e9n desempe\u00f1an el rol de padres.<\/p>\n","protected":false},"author":3,"featured_media":623075,"comment_status":"open","ping_status":"open","sticky":false,"template":"","format":"standard","meta":{"_monsterinsights_skip_tracking":false,"_monsterinsights_sitenote_active":false,"_monsterinsights_sitenote_note":"","_monsterinsights_sitenote_category":0,"footnotes":""},"categories":[5],"tags":[6523,452],"class_list":["post-622957","post","type-post","status-publish","format-standard","has-post-thumbnail","hentry","category-estado-de-mexico","tag-dia-del-padre","tag-toluca"],"_links":{"self":[{"href":"https:\/\/www.diarioimagen.net\/index.php?rest_route=\/wp\/v2\/posts\/622957","targetHints":{"allow":["GET"]}}],"collection":[{"href":"https:\/\/www.diarioimagen.net\/index.php?rest_route=\/wp\/v2\/posts"}],"about":[{"href":"https:\/\/www.diarioimagen.net\/index.php?rest_route=\/wp\/v2\/types\/post"}],"author":[{"embeddable":true,"href":"https:\/\/www.diarioimagen.net\/index.php?rest_route=\/wp\/v2\/users\/3"}],"replies":[{"embeddable":true,"href":"https:\/\/www.diarioimagen.net\/index.php?rest_route=%2Fwp%2Fv2%2Fcomments&post=622957"}],"version-history":[{"count":0,"href":"https:\/\/www.diarioimagen.net\/index.php?rest_route=\/wp\/v2\/posts\/622957\/revisions"}],"wp:featuredmedia":[{"embeddable":true,"href":"https:\/\/www.diarioimagen.net\/index.php?rest_route=\/wp\/v2\/media\/623075"}],"wp:attachment":[{"href":"https:\/\/www.diarioimagen.net\/index.php?rest_route=%2Fwp%2Fv2%2Fmedia&parent=622957"}],"wp:term":[{"taxonomy":"category","embeddable":true,"href":"https:\/\/www.diarioimagen.net\/index.php?rest_route=%2Fwp%2Fv2%2Fcategories&post=622957"},{"taxonomy":"post_tag","embeddable":true,"href":"https:\/\/www.diarioimagen.net\/index.php?rest_route=%2Fwp%2Fv2%2Ftags&post=622957"}],"curies":[{"name":"wp","href":"https:\/\/api.w.org\/{rel}","templated":true}]}}