{"id":622996,"date":"2024-06-18T00:04:23","date_gmt":"2024-06-18T06:04:23","guid":{"rendered":"https:\/\/www.diarioimagen.net\/?p=622996"},"modified":"2024-06-17T23:50:19","modified_gmt":"2024-06-18T05:50:19","slug":"una-democracia-estupida","status":"publish","type":"post","link":"https:\/\/www.diarioimagen.net\/?p=622996","title":{"rendered":"Una democracia est\u00fapida"},"content":{"rendered":"<h2>De pe a pa<\/h2>\n<h5>Alberto Vieyra G.<\/h5>\n<p>&nbsp;<\/p>\n<p>En la antigua Grecia hab\u00eda la friolera cantidad de 25 clases de democracia entre ellas la llamada democracia plena, que era la m\u00e1s est\u00fapida de todas.<\/p>\n<p>\u00bfCon qu\u00e9 se com\u00eda la democracia plena? Los gobernantes demagogos griegos enviaban a sus esbirros a que preguntaran a las calles y las plazas a los vagos y malvivientes, qu\u00e9 es lo que el gobierno deber\u00eda de hacer hoy, ma\u00f1ana y pasado ma\u00f1ana.<\/p>\n<p>En una de esas est\u00fapidas consultas populares, los vagos y dem\u00e1s gente sin quehacer opinaron que era necesario declararle la guerra a Esparta, una numerosa poblaci\u00f3n vecina que seg\u00fan ellos se estaba pasando de lanza. Los demagogos del gobierno se lanzaron en guerra contra Esparta y la guerra tardar\u00eda unos 26 a\u00f1os, pero ya nada fue igual para la poblaci\u00f3n de la antigua Grecia. A esa guerra se le conoci\u00f3 como la Segunda Guerra del Peloponeso, unos 400 a\u00f1os a.C.<\/p>\n<p>\u00bfQu\u00e9 nos dice semejante estupidez de los griegos empleando la innecesaria democracia plena?<\/p>\n<p>Bueno, pues que las mayor\u00edas no siempre tienen la raz\u00f3n. Por ello, la tesis del fil\u00f3sofo griego Arist\u00f3teles no tiene desperdicio cuando sosten\u00eda que \u201cla democracia es muy peligrosa y se convierte en tiran\u00eda cuando los gobernantes la emplean para manipular a las masas y est\u00e1s act\u00faan sin virtud y sin sabidur\u00eda\u201d.<\/p>\n<p>\u00bfPor qu\u00e9 hago historia? Mire usted.<\/p>\n<p>Desde que AMLO arrib\u00f3 al poder en M\u00e9xico se emplea esa est\u00fapida democracia y lo ha hecho como todo un demagogo en las plazas y a trav\u00e9s de los medios de comunicaci\u00f3n que \u00e9l emplea como la ma\u00f1anera, su principal medio propagand\u00edstico y sin faltar las encuestas pagadas sin rostro.<\/p>\n<p>Esa manipulaci\u00f3n est\u00fapida de las masas en M\u00e9xico es ya tambi\u00e9n adoptada por la \u201ccorcholata\u201d de AMLO, la presidenta electa Claudia Sheinbaum, que junto con la nefasta direcci\u00f3n de Morena anunci\u00f3 que para este lunes dar\u00eda a conocer por lo menos 3 encuestas, obviamente pagadas con dineros p\u00fablicos de nuestros impuestos para saber qu\u00e9 opina el vulgo sobre el est\u00fapido \u201cplan C\u201d de AMLO para dinamitar todos los organismos aut\u00f3nomos, entre ellos al \u00e1rbitro electoral de M\u00e9xico y sin faltar a la instituci\u00f3n garante de la justicia mexicana, la Suprema Corte de Justicia de la Naci\u00f3n a la que AMLO le profesa un odio descomunal porque los ministros le declararon muchas de sus reformas como inconstitucionales. Ese es el hipo de AMLO, no de Claudia.<\/p>\n<p>Claudia Sheninbaum es usada perversamente por AMLO como si se tratara de alg\u00fan producto pol\u00edtico desechable, como una marioneta o persona no pensante.<\/p>\n<p>Qu\u00e9 se preguntar\u00e1 a las masas con las est\u00fapidas encuestas pedidas y pagadas por AMLO y do\u00f1a Claudia para manipular a un pueblo sin virtud ni sabidur\u00eda sobre lo que es una est\u00fapida democracia amlista que nos est\u00e1 llevando al atraso y la destrucci\u00f3n de las instituciones nacionales.<\/p>\n<p>\u00bfQu\u00e9 si la justicia en M\u00e9xico es corrupta y la pol\u00edtica reformista que pregona AMLO es la pureza democr\u00e1tica? \u00bfQu\u00e9 si los jueces, ministros y magistrados deben ser electos por el voto popular, aunque sean unos burros sin oficio pol\u00edtico de esos que suelen decir que \u201ces un honor estar con Obrador\u201d? \u00bfQui\u00e9nes proponen a jueces, magistrados y ministros en la democracia est\u00fapida con la que AMLO, Claudia y Morena manipulan al pueblo de M\u00e9xico? \u00bfAcaso los narcos, las grandes oligarqu\u00edas del dinero y gobernantes en M\u00e9xico y a qui\u00e9nes servir\u00edan esa impoluta justicia que AMLO busca imponer en la naci\u00f3n azteca?<\/p>\n<p>Esperemos a que la respuesta sobre una inmisericorde manipulaci\u00f3n nos la de el vulgo como en la antig\u00fcedad se las dio en la antigua Grecia.<\/p>\n<p><em><a href=\"mailto:info@agenciamn.com\" target=\"_blank\" rel=\"noopener noreferrer\">info@agenciamn.com<\/a><\/em><\/p>\n","protected":false},"excerpt":{"rendered":"<p><span style=\"color: #005497;\"><strong>Alberto Vieyra G.<\/strong><\/span><\/p>\n","protected":false},"author":3,"featured_media":0,"comment_status":"open","ping_status":"open","sticky":false,"template":"","format":"standard","meta":{"_monsterinsights_skip_tracking":false,"_monsterinsights_sitenote_active":false,"_monsterinsights_sitenote_note":"","_monsterinsights_sitenote_category":0,"footnotes":""},"categories":[4596],"tags":[43697,4597,43674],"class_list":["post-622996","post","type-post","status-publish","format-standard","hentry","category-alberto-vieyra-g","tag-alberto-vieyra-g","tag-de-pe-a-pa","tag-opinion"],"_links":{"self":[{"href":"https:\/\/www.diarioimagen.net\/index.php?rest_route=\/wp\/v2\/posts\/622996","targetHints":{"allow":["GET"]}}],"collection":[{"href":"https:\/\/www.diarioimagen.net\/index.php?rest_route=\/wp\/v2\/posts"}],"about":[{"href":"https:\/\/www.diarioimagen.net\/index.php?rest_route=\/wp\/v2\/types\/post"}],"author":[{"embeddable":true,"href":"https:\/\/www.diarioimagen.net\/index.php?rest_route=\/wp\/v2\/users\/3"}],"replies":[{"embeddable":true,"href":"https:\/\/www.diarioimagen.net\/index.php?rest_route=%2Fwp%2Fv2%2Fcomments&post=622996"}],"version-history":[{"count":0,"href":"https:\/\/www.diarioimagen.net\/index.php?rest_route=\/wp\/v2\/posts\/622996\/revisions"}],"wp:attachment":[{"href":"https:\/\/www.diarioimagen.net\/index.php?rest_route=%2Fwp%2Fv2%2Fmedia&parent=622996"}],"wp:term":[{"taxonomy":"category","embeddable":true,"href":"https:\/\/www.diarioimagen.net\/index.php?rest_route=%2Fwp%2Fv2%2Fcategories&post=622996"},{"taxonomy":"post_tag","embeddable":true,"href":"https:\/\/www.diarioimagen.net\/index.php?rest_route=%2Fwp%2Fv2%2Ftags&post=622996"}],"curies":[{"name":"wp","href":"https:\/\/api.w.org\/{rel}","templated":true}]}}