{"id":623022,"date":"2024-06-18T00:09:56","date_gmt":"2024-06-18T06:09:56","guid":{"rendered":"https:\/\/www.diarioimagen.net\/?p=623022"},"modified":"2024-06-18T00:26:01","modified_gmt":"2024-06-18T06:26:01","slug":"anaya-rumbo-al-2030","status":"publish","type":"post","link":"https:\/\/www.diarioimagen.net\/?p=623022","title":{"rendered":"Anaya, rumbo al 2030"},"content":{"rendered":"<h2>Poder y dinero<\/h2>\n<h5>V\u00edctor S\u00e1nchez Ba\u00f1os<\/h5>\n<p>&nbsp;<\/p>\n<ul>\n<li><strong><em>Apuesta del panismo sobre Marko<\/em><\/strong><\/li>\n<li><strong><em>Jorge Romero ser\u00eda l\u00edder del PAN<\/em><\/strong><\/li>\n<li><strong><em>Pero, azules, quieren ah\u00ed a Ricardo<\/em><\/strong><\/li>\n<li><strong><em>Samuel y Aldaro, acaban con MC<\/em><\/strong><\/li>\n<li><strong><em>Los Parlamentos abiertos, inocuos<\/em><\/strong><\/li>\n<li><strong><em>BBVA-TIP, alianza contra emisiones<\/em><\/strong><\/li>\n<\/ul>\n<p>&nbsp;<\/p>\n<p style=\"text-align: right;\"><em>Perdona siempre a tu enemigo. No hay nada que le enfurezca m\u00e1s<br \/>\n<\/em><strong>Oscar Wilde<\/strong> (1854-1900) Dramaturgo y novelista irland\u00e9s<\/p>\n<p>&nbsp;<\/p>\n<p>Ya pas\u00f3 la euforia de las campa\u00f1as por la presidencia de la Rep\u00fablica y el Congreso, por lo que ahora se inicia la carrera presidencial de 2030. No es acelere, es una lucha por la supervivencia.<\/p>\n<p>Claro, no se trata de un \u201carranque\u201d oficial, sino el inicio de la colocaci\u00f3n de aspirantes en una plataforma de lanzamiento; desde ahora.<\/p>\n<p>La oposici\u00f3n est\u00e1 contra las cuerdas. Necesita reinventarse. Estos necesitan figuras, desde ahorita, para fortalecerlas, hacer campa\u00f1a \u201cdesde ahorita\u201d para lograr posicionarse del imaginario del colectivo nacional.<\/p>\n<p>En Acci\u00f3n Nacional los grupos que actualmente tienen el control y cuya cabeza visible es Marko Cort\u00e9s, perfilan a Ricardo Anaya a la candidatura presidencial.<\/p>\n<p>Simult\u00e1neamente, la estrategia lleva de la mano el seleccionar al pr\u00f3ximo presidente de su Comit\u00e9 Ejecutivo Nacional. No importa quien sea. Jorge Romero, cercano a Marko, Dami\u00e1n Zepeda, antagonista o el mismo Ricardo Anaya. El \u00fanico objetivo de proyectar al queretano a la candidatura presidencial de 2030.<\/p>\n<p>Necesitan aprovechar el hecho que Ricardo es la gran v\u00edctima del gobierno de Enrique Pe\u00f1a Nieto y de Andr\u00e9s Manuel L\u00f3pez Obrador. Ambos armaron una serie de elementos que influyeron, incluso, en la huida del panista a Estados Unidos, pero no ser detenido en M\u00e9xico por un presunto fraude con terreno en Quer\u00e9taro, lo que al final no fue comprobado por el MP.<\/p>\n<p>En el PAN y el PRI, de Alejandro Moreno, el a\u00f1o pasado, se dieron cuenta que no ten\u00edan fichas para enfrentar a la candidata de AMLO, Claudia Sheinbaum. Por ello, colocaron a Anaya como la opci\u00f3n dos del PAN en sus plurinominales, con lo que logr\u00f3 una senadur\u00eda y tomar\u00e1 posesi\u00f3n, en persona, el pr\u00f3ximo 1 de septiembre.<\/p>\n<p>Es muy claro que la postura adoptada por Anaya, en la campa\u00f1a de 2018, fue muy agresiva en contra de Pe\u00f1a Nieto e incluso prometi\u00f3 meterlo a la c\u00e1rcel por il\u00edcitos cometidos durante la gesti\u00f3n del mexiquense.<\/p>\n<p>El temor de Pe\u00f1a hizo simpatizar por L\u00f3pez Obrador quien, al paso del tiempo, lo ha protegido. Ninguna de las piezas claves del gobierno pe\u00f1ista fue citado ante las autoridades, ni para explicaciones. No ha tocado ni un pelo del copete del nacido en Atlacomulco.<\/p>\n<p>La postura que seguramente adoptar\u00e1 Anaya en el Senado, ser\u00e1 muy combativa en contra de Pe\u00f1a Nieto, L\u00f3pez Obrador y, posiblemente, de la virtual presidenta electa Claudia Sheinbaum.<\/p>\n<p>De la casa de la misma calle, el PRI, platicaremos sobre su plataforma de lanzamiento para fortalecer las posiciones que ha ganado y mantenido en la arena electoral. Aquellos que dan por muerto al PRI, de Alejandro Moreno, su l\u00edder, est\u00e1n muy equivocados. Se mantiene como tercera fuerza. De eso platicaremos m\u00e1s adelante.<\/p>\n<p style=\"text-align: center;\"><strong>PODEROSOS CABALLEROS.<\/strong><\/p>\n<p><strong>MC SE DESBARATA:<\/strong> Movimiento Ciudadano fue rescatado por Morena, de la orilla del precipicio. Le regal\u00f3 a su l\u00edder, Dante Delgado, un esca\u00f1o; el de Luis Donaldo Colosio. Sin embargo, al colectivo nacional le queda claro que el partido naranja es un ap\u00e9ndice de los guindas. Esto no lo dicen sus opositores, sino tambi\u00e9n sus militantes prestigiados. Enrique Alfaro, gobernador de Jalisco, est\u00e1 peleado con el de Nuevo Le\u00f3n, as\u00ed como el pr\u00f3ximo l\u00edder de MC, Jorge \u00c1lvarez M\u00e1ynez, y con Dante. La pol\u00edtica, dijo Alfaro, debe estar m\u00e1s all\u00e1 de las caguamas y el r\u00edmel. Pronto les platicar\u00e9 lo que se prepara en el Congreso de Nuevo Le\u00f3n para derrumbar a Samuel, mediante un juicio pol\u00edtico que estallar\u00e1 en unos d\u00edas.<\/p>\n<p><strong>PARLAMENTOS ABIERTOS, \u00bfWHAT?:<\/strong> He sido testigo los \u00faltimos cinco a\u00f1os de una burda farsa para justificar las \u00f3rdenes recibidas de Palacio Nacional. Los llamados parlamentos abiertos, sirven para darle una maquillada teibolera a los caprichos legislativos de L\u00f3pez Obrador. Los que van a esos parlamentos, afirman que ning\u00fan legislador les hace caso; es como gritar en el desierto. Nadie les hace caso. Abrir\u00e1n esta semana el parlamento abierto para justificar modificaciones al Poder Judicial de la Federaci\u00f3n. No se hagan tarugos. Sabemos perfectamente que no le van a cambiar una sola, de la propuesta de Palacio Nacional. Es poner de rodillas a la Corte, del capricho del Presidente.<\/p>\n<p style=\"text-align: center;\"><strong>RESPONSABILIDAD SOCIAL Y GOBERNANZA<\/strong><\/p>\n<p><strong>BBVA-TIP:<\/strong> Bajo el liderazgo de Jaime Serra Puche, BBVA M\u00e9xico, a trav\u00e9s de su unidad de BBVA Leasing M\u00e9xico, celebr\u00f3 con TIP M\u00e9xico, liderado por Mauricio Medina, empresa especializada en arrendamiento y administraci\u00f3n de equipo de transporte, una operaci\u00f3n sostenible por un monto superior a los 276 millones de pesos, en arrendamiento puro de 299 cajas secas y semirremolques que se encuentran equipados con faldones. Estas estructuras aerodin\u00e1micas se instalan en la parte inferior de los remolques, disminuyen la resistencia al viento y permiten generar un ahorro de combustible, emitiendo as\u00ed una menor cantidad de di\u00f3xido de carbono a la atm\u00f3sfera.<\/p>\n<p><em><a href=\"mailto:vsb@poderydinero.mx\" target=\"_blank\" rel=\"noopener noreferrer\">vsb@poderydinero.mx<\/a><br \/>\n<a href=\"https:\/\/twitter.com\/vsanchezbanos?lang=es\" target=\"_blank\" rel=\"noopener\">@vsanchezbanos<\/a><\/em><\/p>\n","protected":false},"excerpt":{"rendered":"<p><span style=\"color: #005497;\"><strong>V\u00edctor S\u00e1nchez Ba\u00f1os<\/strong><\/span><\/p>\n","protected":false},"author":3,"featured_media":0,"comment_status":"open","ping_status":"open","sticky":false,"template":"","format":"standard","meta":{"_monsterinsights_skip_tracking":false,"_monsterinsights_sitenote_active":false,"_monsterinsights_sitenote_note":"","_monsterinsights_sitenote_category":0,"footnotes":""},"categories":[38844],"tags":[43674,38847,38848],"class_list":["post-623022","post","type-post","status-publish","format-standard","hentry","category-victor-sanchez-banos","tag-opinion","tag-poder-y-dinero","tag-victor-sanchez-banos"],"_links":{"self":[{"href":"https:\/\/www.diarioimagen.net\/index.php?rest_route=\/wp\/v2\/posts\/623022","targetHints":{"allow":["GET"]}}],"collection":[{"href":"https:\/\/www.diarioimagen.net\/index.php?rest_route=\/wp\/v2\/posts"}],"about":[{"href":"https:\/\/www.diarioimagen.net\/index.php?rest_route=\/wp\/v2\/types\/post"}],"author":[{"embeddable":true,"href":"https:\/\/www.diarioimagen.net\/index.php?rest_route=\/wp\/v2\/users\/3"}],"replies":[{"embeddable":true,"href":"https:\/\/www.diarioimagen.net\/index.php?rest_route=%2Fwp%2Fv2%2Fcomments&post=623022"}],"version-history":[{"count":0,"href":"https:\/\/www.diarioimagen.net\/index.php?rest_route=\/wp\/v2\/posts\/623022\/revisions"}],"wp:attachment":[{"href":"https:\/\/www.diarioimagen.net\/index.php?rest_route=%2Fwp%2Fv2%2Fmedia&parent=623022"}],"wp:term":[{"taxonomy":"category","embeddable":true,"href":"https:\/\/www.diarioimagen.net\/index.php?rest_route=%2Fwp%2Fv2%2Fcategories&post=623022"},{"taxonomy":"post_tag","embeddable":true,"href":"https:\/\/www.diarioimagen.net\/index.php?rest_route=%2Fwp%2Fv2%2Ftags&post=623022"}],"curies":[{"name":"wp","href":"https:\/\/api.w.org\/{rel}","templated":true}]}}