{"id":623104,"date":"2024-06-19T00:01:00","date_gmt":"2024-06-19T06:01:00","guid":{"rendered":"https:\/\/www.diarioimagen.net\/?p=623104"},"modified":"2024-06-19T22:11:26","modified_gmt":"2024-06-20T04:11:26","slug":"inmensa-deuda-con-la-salud-mental-mag-guerra-alvarez","status":"publish","type":"post","link":"https:\/\/www.diarioimagen.net\/?p=623104","title":{"rendered":"Inmensa deuda con la salud mental: mag. Guerra \u00c1lvarez"},"content":{"rendered":"<p>&nbsp;<\/p>\n<ul>\n<li><strong><em>As\u00ed lo se\u00f1al\u00f3 el presidente del PJCDMX en la inauguraci\u00f3n de la muestra Violaciones a derechos humanos en materia de salud mental, con la colaboraci\u00f3n con la Comisi\u00f3n de Ciudadanos por los Derechos Humanos<\/em><\/strong><\/li>\n<\/ul>\n<p>&nbsp;<\/p>\n<div id=\"attachment_623191\" style=\"width: 470px\" class=\"wp-caption aligncenter\"><a href=\"https:\/\/www.diarioimagen.net\/?attachment_id=623191\" rel=\"attachment wp-att-623191\"><img loading=\"lazy\" decoding=\"async\" aria-describedby=\"caption-attachment-623191\" class=\"size-full wp-image-623191\" src=\"https:\/\/www.diarioimagen.net\/wp-content\/uploads\/2024\/06\/tribunal-5.jpg\" alt=\"\" width=\"460\" height=\"270\" \/><\/a><p id=\"caption-attachment-623191\" class=\"wp-caption-text\">La presidenta de la CCDH, Gisela Galicia, explic\u00f3 que esa organizaci\u00f3n surge en 1969 para investigar y exponer violaciones a derechos humanos en el campo de la salud mental.<\/p><\/div>\n<p>&nbsp;<\/p>\n<p>En la inauguraci\u00f3n de la muestra <em>Violaciones a derechos humanos en materia de salud mental<\/em>, el presidente del Poder Judicial de la Ciudad de M\u00e9xico (PJCDMX), magistrado Rafael Guerra \u00c1lvarez, afirm\u00f3 que el mundo tiene una inmensa deuda con la salud mental y los derechos de las personas, quienes merecen una vida digna y de calidad.<\/p>\n<p>En el edificio de Ni\u00f1os H\u00e9roes 132, sede de la muestra montada con la colaboraci\u00f3n de la Comisi\u00f3n de Ciudadanos por los Derechos Humanos, subray\u00f3 que el \u00f3rgano judicial mantiene su compromiso de lograr una armon\u00eda sustancial para que todas las personas gocen de una vida plena en condiciones de igualdad y no discriminaci\u00f3n.<\/p>\n<p>Ante la presidenta de la CCDH, Gisela Galicia, subray\u00f3 que la colaboraci\u00f3n entre ambas instancias representa la vanguardia de una nueva conciencia sobre la salud mental y la impartici\u00f3n de justicia que en el \u00f3rgano judicial capitalino se celebra con entusiasmo.<\/p>\n<p>Esta muestra, plante\u00f3 Guerra \u00c1lvarez ante consejeras y consejeros de la Judicatura capitalina, magistradas, magistrados, juezas, jueces y personal del PJCDMX, busca cerrar una brecha muy antigua de incomprensi\u00f3n e ignorancia y convertir la oscuridad en luz y el silencio en di\u00e1logo.<\/p>\n<p>\u201cEs as\u00ed como esta muestra visibiliza la historia del uso de pr\u00e1cticas que transgredieron los derechos de miles de personas al recluir, restringir y aislar, y a su vez pone en evidencia el \u00e1nimo de progreso y empat\u00eda de nuestro tiempo\u201d, coment\u00f3.<\/p>\n<p>Asegur\u00f3 que hoy se cuenta con instrumentos y t\u00e9cnicas para cambiar la realidad de las personas con discapacidad psicosocial e intelectual que sol\u00edan ser v\u00edctimas de prejuicios y estereotipos de la conformidad social.<\/p>\n<p>El magistrado, asimismo, hizo un recuento de las acciones institucionales a favor de la salud mental de los trabajadores, como la implementaci\u00f3n de un proyecto piloto para la detecci\u00f3n de niveles de ansiedad y el Programa de Apoyo Emocional y Psicol\u00f3gico.<\/p>\n<p>\u201cActualmente se realizan sesiones individuales de terapia psicol\u00f3gica; clases de yoga; sesiones de meditaci\u00f3n guiada; actividades f\u00edsicas; impartici\u00f3n de pl\u00e1ticas-taller, as\u00ed como una variedad de temas trabajados en la Gaceta Desarrollo Humano y en C\u00e1psulas de Bienestar\u201d, record\u00f3.<\/p>\n<p>En su oportunidad, la presidenta de la CCDH, Gisela Galicia, explic\u00f3 que esa organizaci\u00f3n surge en 1969 para investigar y exponer violaciones a derechos humanos en el campo de la salud mental,<\/p>\n<p>Convoc\u00f3 a sumar esfuerzos para ser voz y fuerza de quienes no la tienen, y garant\u00eda de que no se pierdan m\u00e1s vidas por pr\u00e1cticas coercitivas en el campo de los tratamientos de salud mental. Precis\u00f3 que, desde la oficina central de la CCDH, con sede en Los \u00c1ngeles, California, se coordinan las actividades de 34 sucursales en todo el mundo.<\/p>\n<p>Abund\u00f3 en que se trata de una instancia sin fines de lucro, guardiana de la salud mental y responsable de promover m\u00e1s de 180 leyes alrededor del mundo que protegen a los enfermos mentales de pr\u00e1cticas abusivas y coercitivas.<\/p>\n","protected":false},"excerpt":{"rendered":"<p>En la inauguraci\u00f3n de la muestra Violaciones a derechos humanos en materia de salud mental, el presidente del Poder Judicial de la Ciudad de M\u00e9xico (PJCDMX), magistrado Rafael Guerra \u00c1lvarez, afirm\u00f3 que el mundo tiene una inmensa deuda con la salud mental y los derechos de las personas, quienes merecen una vida digna y de calidad.<\/p>\n","protected":false},"author":3,"featured_media":623191,"comment_status":"open","ping_status":"open","sticky":false,"template":"","format":"standard","meta":{"_monsterinsights_skip_tracking":false,"_monsterinsights_sitenote_active":false,"_monsterinsights_sitenote_note":"","_monsterinsights_sitenote_category":0,"footnotes":""},"categories":[6],"tags":[4340,87380],"class_list":["post-623104","post","type-post","status-publish","format-standard","has-post-thumbnail","hentry","category-cd-de-mexico","tag-derechos-humanos","tag-poder-judicial-de-la-ciudad-de-mexico"],"_links":{"self":[{"href":"https:\/\/www.diarioimagen.net\/index.php?rest_route=\/wp\/v2\/posts\/623104","targetHints":{"allow":["GET"]}}],"collection":[{"href":"https:\/\/www.diarioimagen.net\/index.php?rest_route=\/wp\/v2\/posts"}],"about":[{"href":"https:\/\/www.diarioimagen.net\/index.php?rest_route=\/wp\/v2\/types\/post"}],"author":[{"embeddable":true,"href":"https:\/\/www.diarioimagen.net\/index.php?rest_route=\/wp\/v2\/users\/3"}],"replies":[{"embeddable":true,"href":"https:\/\/www.diarioimagen.net\/index.php?rest_route=%2Fwp%2Fv2%2Fcomments&post=623104"}],"version-history":[{"count":0,"href":"https:\/\/www.diarioimagen.net\/index.php?rest_route=\/wp\/v2\/posts\/623104\/revisions"}],"wp:featuredmedia":[{"embeddable":true,"href":"https:\/\/www.diarioimagen.net\/index.php?rest_route=\/wp\/v2\/media\/623191"}],"wp:attachment":[{"href":"https:\/\/www.diarioimagen.net\/index.php?rest_route=%2Fwp%2Fv2%2Fmedia&parent=623104"}],"wp:term":[{"taxonomy":"category","embeddable":true,"href":"https:\/\/www.diarioimagen.net\/index.php?rest_route=%2Fwp%2Fv2%2Fcategories&post=623104"},{"taxonomy":"post_tag","embeddable":true,"href":"https:\/\/www.diarioimagen.net\/index.php?rest_route=%2Fwp%2Fv2%2Ftags&post=623104"}],"curies":[{"name":"wp","href":"https:\/\/api.w.org\/{rel}","templated":true}]}}