{"id":623116,"date":"2024-06-19T00:05:31","date_gmt":"2024-06-19T06:05:31","guid":{"rendered":"https:\/\/www.diarioimagen.net\/?p=623116"},"modified":"2024-06-19T01:00:29","modified_gmt":"2024-06-19T07:00:29","slug":"edomex-ya-utiliza-recursos-transferidos-por-el-imss-bienestar","status":"publish","type":"post","link":"https:\/\/www.diarioimagen.net\/?p=623116","title":{"rendered":"Edomex ya utiliza recursos transferidos por el IMSS-Bienestar"},"content":{"rendered":"<p>&nbsp;<\/p>\n<div id=\"attachment_623236\" style=\"width: 470px\" class=\"wp-caption aligncenter\"><a href=\"https:\/\/www.diarioimagen.net\/?attachment_id=623236\" rel=\"attachment wp-att-623236\"><img loading=\"lazy\" decoding=\"async\" aria-describedby=\"caption-attachment-623236\" class=\"size-full wp-image-623236\" src=\"https:\/\/www.diarioimagen.net\/wp-content\/uploads\/2024\/06\/edomex-ya-utiliza-recursos.jpg\" alt=\"\" width=\"460\" height=\"270\" \/><\/a><p id=\"caption-attachment-623236\" class=\"wp-caption-text\">Zo\u00e9 Robledo se\u00f1al\u00f3 que el Estado de M\u00e9xico ya comienza a hacer uso de los recursos transferidos para el mejoramiento de la infraestructura y equipamiento m\u00e9dico.<\/p><\/div>\n<p>&nbsp;<\/p>\n<p><strong>Ciudad de M\u00e9xico.\u2014<\/strong> El Estado de M\u00e9xico avanza r\u00e1pidamente en la entrega de m\u00e1s de mil tarjetas del programa \u201cLa Cl\u00ednica es Nuestra\u201d, como parte de su compromiso con el pueblo mexiquense de garantizar su derecho al acceso a la salud.<\/p>\n<p>\u201cEn la Conferencia Matutina de hoy, el Director General del @Tu_IMSS, Maestro @zoerobledo inform\u00f3 el avance registrado en la entrega de tarjetas #LaCl\u00ednicaEsNuestra, en el Estado de M\u00e9xico. \u00a1La salud es nuestra prioridad! #ElPoderDeServir\u201d, destac\u00f3 la Gobernadora z en redes sociales.g<\/p>\n<p>El dDirector General del Instituto Mexicano del Seguro Social, Zo\u00e9 Robledo se\u00f1al\u00f3 tambi\u00e9n que el Estado de M\u00e9xico ya comienza a hacer uso de los recursos transferidos para el mejoramiento de la infraestructura y equipamiento m\u00e9dico.<\/p>\n","protected":false},"excerpt":{"rendered":"<p>El Estado de M\u00e9xico avanza r\u00e1pidamente en la entrega de m\u00e1s de mil tarjetas del programa \u201cLa Cl\u00ednica es Nuestra\u201d, como parte de su compromiso con el pueblo mexiquense de garantizar su derecho al acceso a la salud.<\/p>\n","protected":false},"author":3,"featured_media":623236,"comment_status":"open","ping_status":"open","sticky":false,"template":"","format":"standard","meta":{"_monsterinsights_skip_tracking":false,"_monsterinsights_sitenote_active":false,"_monsterinsights_sitenote_note":"","_monsterinsights_sitenote_category":0,"footnotes":""},"categories":[18863,99730],"tags":[89886],"class_list":["post-623116","post","type-post","status-publish","format-standard","has-post-thumbnail","hentry","category-salud-edomex","category-edomex","tag-imss-bienestar"],"_links":{"self":[{"href":"https:\/\/www.diarioimagen.net\/index.php?rest_route=\/wp\/v2\/posts\/623116","targetHints":{"allow":["GET"]}}],"collection":[{"href":"https:\/\/www.diarioimagen.net\/index.php?rest_route=\/wp\/v2\/posts"}],"about":[{"href":"https:\/\/www.diarioimagen.net\/index.php?rest_route=\/wp\/v2\/types\/post"}],"author":[{"embeddable":true,"href":"https:\/\/www.diarioimagen.net\/index.php?rest_route=\/wp\/v2\/users\/3"}],"replies":[{"embeddable":true,"href":"https:\/\/www.diarioimagen.net\/index.php?rest_route=%2Fwp%2Fv2%2Fcomments&post=623116"}],"version-history":[{"count":0,"href":"https:\/\/www.diarioimagen.net\/index.php?rest_route=\/wp\/v2\/posts\/623116\/revisions"}],"wp:featuredmedia":[{"embeddable":true,"href":"https:\/\/www.diarioimagen.net\/index.php?rest_route=\/wp\/v2\/media\/623236"}],"wp:attachment":[{"href":"https:\/\/www.diarioimagen.net\/index.php?rest_route=%2Fwp%2Fv2%2Fmedia&parent=623116"}],"wp:term":[{"taxonomy":"category","embeddable":true,"href":"https:\/\/www.diarioimagen.net\/index.php?rest_route=%2Fwp%2Fv2%2Fcategories&post=623116"},{"taxonomy":"post_tag","embeddable":true,"href":"https:\/\/www.diarioimagen.net\/index.php?rest_route=%2Fwp%2Fv2%2Ftags&post=623116"}],"curies":[{"name":"wp","href":"https:\/\/api.w.org\/{rel}","templated":true}]}}