{"id":623118,"date":"2024-06-19T00:04:54","date_gmt":"2024-06-19T06:04:54","guid":{"rendered":"https:\/\/www.diarioimagen.net\/?p=623118"},"modified":"2024-06-19T00:59:44","modified_gmt":"2024-06-19T06:59:44","slug":"hay-que-aceptar-que-tuvimos-errores-en-el-prd-senala-omar-ortega-alvarez","status":"publish","type":"post","link":"https:\/\/www.diarioimagen.net\/?p=623118","title":{"rendered":"Hay que aceptar que tuvimos errores en el PRD, se\u00f1ala Omar\u00a0Ortega\u00a0\u00c1lvarez"},"content":{"rendered":"<p>&nbsp;<\/p>\n<ul>\n<li><strong><em>\u201cSe debe pedir opini\u00f3n a militantes\u201d<\/em><\/strong><\/li>\n<\/ul>\n<p>&nbsp;<\/p>\n<div id=\"attachment_623234\" style=\"width: 470px\" class=\"wp-caption aligncenter\"><a href=\"https:\/\/www.diarioimagen.net\/?attachment_id=623234\" rel=\"attachment wp-att-623234\"><img loading=\"lazy\" decoding=\"async\" aria-describedby=\"caption-attachment-623234\" class=\"size-full wp-image-623234\" src=\"https:\/\/www.diarioimagen.net\/wp-content\/uploads\/2024\/06\/hay-que-aceptar-errores-prd.jpg\" alt=\"\" width=\"460\" height=\"270\" \/><\/a><p id=\"caption-attachment-623234\" class=\"wp-caption-text\">Omar Ortega \u00c1lvarez se\u00f1al\u00f3 que M\u00e9xico necesita un partido que enarbole las causas de la izquierda democr\u00e1tica.<\/p><\/div>\n<p>&nbsp;<\/p>\n<p>Toluca, Estado de M\u00e9xico.\u2014 \u201cA nadie le cabe duda de que M\u00e9xico necesita un partido que enarbole las causas de la izquierda democr\u00e1tica, las libertades y la pluralidad que hoy se encuentran abandonadas por el oficialismo\u201d.<\/p>\n<p>As\u00ed lo se\u00f1al\u00f3 Omar Ortega \u00c1lvarez, al destacar que es fundamental realizar un balance m\u00e1s all\u00e1 de los n\u00fameros, es decir, revisar los temas que han impulsado, las coaliciones que han realizado, las candidaturas que presentaron como opci\u00f3n a la ciudadan\u00eda, as\u00ed como obviamente el papel que jugaron dentro de la coalici\u00f3n Fuerza y Coraz\u00f3n por M\u00e9xico.<\/p>\n<p>\u201cLos resultados no son un desprecio de la sociedad a la agenda del PRD, mucho menos a sus colores o emblema, nuestra agenda se encuentra presente en las luchas de colectivos y movimientos m\u00e1s all\u00e1 del perredismo. Lo que vivimos el 2 de junio es un rechazo a los errores de los \u00faltimos a\u00f1os y lo tenemos que aceptar\u201d, expres\u00f3.<\/p>\n<p>El coordinador parlamentario del sol azteca en la legislatura del Estado de M\u00e9xico, referente al posicionamiento que hiciera Jes\u00fas Zambrano, se\u00f1al\u00f3 que \u201cla decisi\u00f3n de transitar en la b\u00fasqueda de un registro nacional, no se puede tomar de manera atropellada, mucho menos de manera unilateral, tenemos que plantearles distintas opciones a nuestras compa\u00f1eras y compa\u00f1eros\u201d.<\/p>\n<p>\u201cSe tiene que informar, consultar, pedir opini\u00f3n a militantes, representantes populares y liderazgos del sol azteca a lo largo y ancho de la entidad; es decir, tomar en cuenta a quienes sacaron esos miles de votos a favor de nuestro partido, poni\u00e9ndose la camiseta, con ellos debemos avanzar en cada paso en esta nueva etapa en la que nos encontramos, asever\u00f3.<\/p>\n<p>\u201cPor nuestra parte esperaremos el llamado de nuestra direcci\u00f3n estatal para analizar los resultados de la\u00a0 pasada elecci\u00f3n y de la ruta a seguir en esta coyuntura de transitar a partido estatal. Es tiempo de mucha talacha organizativa, y repito, debemos avanzar paso a paso con nuestra militancia, el pa\u00eds requiere hoy m\u00e1s que nunca de una oposici\u00f3n con un proyecto propio de naci\u00f3n y de gobierno, hay que construirlo\u201d, concluy\u00f3.<\/p>\n","protected":false},"excerpt":{"rendered":"<p>\u201cA nadie le cabe duda de que M\u00e9xico necesita un partido que enarbole las causas de la izquierda democr\u00e1tica, las libertades y la pluralidad que hoy se encuentran abandonadas por el oficialismo\u201d.<\/p>\n","protected":false},"author":3,"featured_media":623234,"comment_status":"open","ping_status":"open","sticky":false,"template":"","format":"standard","meta":{"_monsterinsights_skip_tracking":false,"_monsterinsights_sitenote_active":false,"_monsterinsights_sitenote_note":"","_monsterinsights_sitenote_category":0,"footnotes":""},"categories":[5],"tags":[96106,95185,211],"class_list":["post-623118","post","type-post","status-publish","format-standard","has-post-thumbnail","hentry","category-estado-de-mexico","tag-errores","tag-omar-ortega-alvarez","tag-prd"],"_links":{"self":[{"href":"https:\/\/www.diarioimagen.net\/index.php?rest_route=\/wp\/v2\/posts\/623118","targetHints":{"allow":["GET"]}}],"collection":[{"href":"https:\/\/www.diarioimagen.net\/index.php?rest_route=\/wp\/v2\/posts"}],"about":[{"href":"https:\/\/www.diarioimagen.net\/index.php?rest_route=\/wp\/v2\/types\/post"}],"author":[{"embeddable":true,"href":"https:\/\/www.diarioimagen.net\/index.php?rest_route=\/wp\/v2\/users\/3"}],"replies":[{"embeddable":true,"href":"https:\/\/www.diarioimagen.net\/index.php?rest_route=%2Fwp%2Fv2%2Fcomments&post=623118"}],"version-history":[{"count":0,"href":"https:\/\/www.diarioimagen.net\/index.php?rest_route=\/wp\/v2\/posts\/623118\/revisions"}],"wp:featuredmedia":[{"embeddable":true,"href":"https:\/\/www.diarioimagen.net\/index.php?rest_route=\/wp\/v2\/media\/623234"}],"wp:attachment":[{"href":"https:\/\/www.diarioimagen.net\/index.php?rest_route=%2Fwp%2Fv2%2Fmedia&parent=623118"}],"wp:term":[{"taxonomy":"category","embeddable":true,"href":"https:\/\/www.diarioimagen.net\/index.php?rest_route=%2Fwp%2Fv2%2Fcategories&post=623118"},{"taxonomy":"post_tag","embeddable":true,"href":"https:\/\/www.diarioimagen.net\/index.php?rest_route=%2Fwp%2Fv2%2Ftags&post=623118"}],"curies":[{"name":"wp","href":"https:\/\/api.w.org\/{rel}","templated":true}]}}