{"id":623123,"date":"2024-06-19T00:03:05","date_gmt":"2024-06-19T06:03:05","guid":{"rendered":"https:\/\/www.diarioimagen.net\/?p=623123"},"modified":"2024-06-19T00:58:49","modified_gmt":"2024-06-19T06:58:49","slug":"disfrutaron-izcallenses-de-tres-dias-de-sabores-en-la-feria-de-gastronomia","status":"publish","type":"post","link":"https:\/\/www.diarioimagen.net\/?p=623123","title":{"rendered":"Disfrutaron izcallenses\u00a0 de tres d\u00edas de sabores en la feria de gastronom\u00eda"},"content":{"rendered":"<p>&nbsp;<\/p>\n<p><a href=\"https:\/\/www.diarioimagen.net\/?attachment_id=623232\" rel=\"attachment wp-att-623232\"><img loading=\"lazy\" decoding=\"async\" class=\"aligncenter size-full wp-image-623232\" src=\"https:\/\/www.diarioimagen.net\/wp-content\/uploads\/2024\/06\/disfrutaron-izcallenses.jpg\" alt=\"\" width=\"460\" height=\"270\" \/><\/a><\/p>\n<p>&nbsp;<\/p>\n<p><strong>Cuautitl\u00e1n Izcalli, Estado de M\u00e9xico.\u2014<\/strong> En un ambiente acompa\u00f1ado de arte y platillos de la gastronom\u00eda mexicana, el gobierno municipal dirigido por Karla Fiesco llev\u00f3 a cabo el Segundo Festival Regional Artesanal y Gastron\u00f3mico con m\u00e1s de 2 mil 100 personas que se dieron cita en el Parque de las Esculturas, donde participaron 34 emprendedores y 38 artesanos de diferentes municipios aleda\u00f1os como Atizap\u00e1n de Zaragoza Tlalnepantla de Baz, Tepotzotl\u00e1n y del Estado de Hidalgo.<\/p>\n<p>Asimismo, Ely Beatriz Quintana, directora de Desarrollo Econ\u00f3mico, agradeci\u00f3 a los presentes y a todos aquellos que hicieron posible este evento, poniendo en alto las tradiciones y la cultura mexicana, demostrando que todo lo que se hace con amor y dedicaci\u00f3n puede llegar muy lejos.<\/p>\n<p>&nbsp;<\/p>\n","protected":false},"excerpt":{"rendered":"<p>En un ambiente acompa\u00f1ado de arte y platillos de la gastronom\u00eda mexicana, el gobierno municipal dirigido por Karla Fiesco llev\u00f3 a cabo el Segundo Festival Regional Artesanal y Gastron\u00f3mico con m\u00e1s de 2 mil 100 personas que se dieron cita en el Parque de las Esculturas, donde participaron 34 emprendedores y 38 artesanos de diferentes municipios aleda\u00f1os como Atizap\u00e1n de Zaragoza Tlalnepantla de Baz, Tepotzotl\u00e1n y del Estado de Hidalgo.<\/p>\n","protected":false},"author":3,"featured_media":623232,"comment_status":"open","ping_status":"open","sticky":false,"template":"","format":"standard","meta":{"_monsterinsights_skip_tracking":false,"_monsterinsights_sitenote_active":false,"_monsterinsights_sitenote_note":"","_monsterinsights_sitenote_category":0,"footnotes":""},"categories":[5],"tags":[971,43675,98615,48145],"class_list":["post-623123","post","type-post","status-publish","format-standard","has-post-thumbnail","hentry","category-estado-de-mexico","tag-cuautitlan-izcalli","tag-estado-de-mexico","tag-feria","tag-gastronomia"],"_links":{"self":[{"href":"https:\/\/www.diarioimagen.net\/index.php?rest_route=\/wp\/v2\/posts\/623123","targetHints":{"allow":["GET"]}}],"collection":[{"href":"https:\/\/www.diarioimagen.net\/index.php?rest_route=\/wp\/v2\/posts"}],"about":[{"href":"https:\/\/www.diarioimagen.net\/index.php?rest_route=\/wp\/v2\/types\/post"}],"author":[{"embeddable":true,"href":"https:\/\/www.diarioimagen.net\/index.php?rest_route=\/wp\/v2\/users\/3"}],"replies":[{"embeddable":true,"href":"https:\/\/www.diarioimagen.net\/index.php?rest_route=%2Fwp%2Fv2%2Fcomments&post=623123"}],"version-history":[{"count":0,"href":"https:\/\/www.diarioimagen.net\/index.php?rest_route=\/wp\/v2\/posts\/623123\/revisions"}],"wp:featuredmedia":[{"embeddable":true,"href":"https:\/\/www.diarioimagen.net\/index.php?rest_route=\/wp\/v2\/media\/623232"}],"wp:attachment":[{"href":"https:\/\/www.diarioimagen.net\/index.php?rest_route=%2Fwp%2Fv2%2Fmedia&parent=623123"}],"wp:term":[{"taxonomy":"category","embeddable":true,"href":"https:\/\/www.diarioimagen.net\/index.php?rest_route=%2Fwp%2Fv2%2Fcategories&post=623123"},{"taxonomy":"post_tag","embeddable":true,"href":"https:\/\/www.diarioimagen.net\/index.php?rest_route=%2Fwp%2Fv2%2Ftags&post=623123"}],"curies":[{"name":"wp","href":"https:\/\/api.w.org\/{rel}","templated":true}]}}