{"id":623269,"date":"2024-06-20T00:08:55","date_gmt":"2024-06-20T06:08:55","guid":{"rendered":"https:\/\/www.diarioimagen.net\/?p=623269"},"modified":"2024-06-21T02:27:19","modified_gmt":"2024-06-21T08:27:19","slug":"la-uaemex-sera-sede-de-encuentros-climaticos-juveniles","status":"publish","type":"post","link":"https:\/\/www.diarioimagen.net\/?p=623269","title":{"rendered":"La UAEM\u00e9x ser\u00e1 sede de encuentros clim\u00e1ticos juveniles"},"content":{"rendered":"<p>&nbsp;<\/p>\n<div id=\"attachment_623342\" style=\"width: 470px\" class=\"wp-caption aligncenter\"><a href=\"https:\/\/www.diarioimagen.net\/?attachment_id=623342\" rel=\"attachment wp-att-623342\"><img loading=\"lazy\" decoding=\"async\" aria-describedby=\"caption-attachment-623342\" class=\"size-full wp-image-623342\" src=\"https:\/\/www.diarioimagen.net\/wp-content\/uploads\/2024\/06\/uaem-sera-sede.jpg\" alt=\"\" width=\"460\" height=\"270\" \/><\/a><p id=\"caption-attachment-623342\" class=\"wp-caption-text\">La Primera Cumbre Clim\u00e1tica Juvenil del Estado de M\u00e9xico y la Cumbre Nacional de las Juventudes M\u00e9xico 2024 desarrollar\u00e1n actividades dentro de Ciudad Universitaria de la UAEM\u00e9x.<\/p><\/div>\n<p>&nbsp;<\/p>\n<p><strong>Toluca, Estado de M\u00e9xico.<\/strong>\u2014 La Universidad Aut\u00f3noma del Estado de M\u00e9xico (UAEM\u00e9x) ser\u00e1 sede de la Primera Cumbre Clim\u00e1tica Juvenil (CCJ) del Estado de M\u00e9xico y de la Cumbre Nacional de las Juventudes (LCOY, por sus siglas en ingl\u00e9s) M\u00e9xico 2024, que del 20 al 22 de junio, se desarrollar\u00e1n en Ciudad Universitaria.<\/p>\n<p>En la Sala \u201cDr. Gustavo Baz Prada\u201d del Edificio de Rector\u00eda, se llev\u00f3 a cabo la rueda de prensa correspondiente a estas cumbres juveniles, donde se cont\u00f3 con la participaci\u00f3n de Marta Citlali Alejandro Campos, Erick Emiliano Reyes Albarr\u00e1n y Andrea Isabel Gonz\u00e1lez Castillo, l\u00edderes de ambas organizaciones.<\/p>\n<p>En esta reuni\u00f3n, los estudiantes universitarios destacaron la importancia de la participaci\u00f3n de las juventudes mexiquenses en cuestiones ambientales, ya que el Estado de M\u00e9xico es la entidad con mayor poblaci\u00f3n del pa\u00eds, con un aproximado de 17 millones de habitantes, de los cuales, 33 por ciento se conforma por personas j\u00f3venes de 14 a 35 a\u00f1os, quienes tienen la responsabilidad de actuar para enfrentar los futuros problemas clim\u00e1ticos.<\/p>\n<p>Sumado a ello se determin\u00f3 que para fortalecer y contribuir a las acciones realizadas durante la Administraci\u00f3n Universitaria 2021-2025, que busca la consolidaci\u00f3n de una Universidad Verde, las facultades de Derecho, Humanidades y Arquitectura y Dise\u00f1o, ubicadas en Ciudad Universitaria, fungir\u00e1n como espacio de di\u00e1logo y colaboraci\u00f3n para el desarrollo de las actividades e iniciativas clim\u00e1ticas de las dos organizaciones juveniles.<\/p>\n<p>Los activistas ambientales explicaron que la CJJ se presentar\u00e1 el 20 de junio en los espacios universitarios para trabajar alrededor de cuatro ejes tem\u00e1ticos: P\u00e9rdidas y da\u00f1os, Juventudes y acci\u00f3n clim\u00e1tica, Resiliencia y Justicia clim\u00e1ticas, los cuales se desarrollar\u00e1n a partir de diferentes actividades como mesas de trabajo y talleres.<\/p>\n<p>Con la participaci\u00f3n de 10 organizaciones y m\u00e1s de 120 personas j\u00f3venes, esta cumbre busca generar un posicionamiento colectivo de las juventudes y presentar iniciativas ante las autoridades del Estado de M\u00e9xico para trabajar en la b\u00fasqueda de soluciones a las problem\u00e1ticas ambientales y clim\u00e1ticas del mundo actual, con el prop\u00f3sito de que este primer encuentro sea un parteaguas para la creaci\u00f3n de m\u00e1s actividades similares en los pr\u00f3ximos a\u00f1os.<\/p>\n<p>Por su parte, la LCOY es una cumbre que trabaja con las juventudes a nivel nacional y que, en conjunto con la CJJ, busca generar un impacto internacional, pues cuenta con la acreditaci\u00f3n de YOUNGO, grupo juvenil oficial de la Convenci\u00f3n Marco de las Naciones Unidas sobre el Cambio Clim\u00e1tico (CMNUCC) y con colaboradores como el Fondo de las Naciones Unidas para la Infancia (UNICEF), Iniciativa Clim\u00e1tica de M\u00e9xico y la UAEM\u00e9x.<\/p>\n<p>Del 21 al 22 de junio, la LCOY expondr\u00e1 cinco tem\u00e1ticas que afectan a la sociedad mexicana: P\u00e9rdidas y da\u00f1os, Gobernanza para el futuro, Justicia clim\u00e1tica, Futuro resiliente y Transici\u00f3n justa; adem\u00e1s, contempla una participaci\u00f3n de 160 juventudes en este encuentro.<\/p>\n<p>Los universitarios resaltaron que es necesario apostar por la creaci\u00f3n de iniciativas por parte de las personas j\u00f3venes para el desarrollo de sus capacidades y el empoderamiento de las juventudes. Por esta raz\u00f3n, ambas cumbres contar\u00e1n con la intervenci\u00f3n de profesionales a lo largo de los tres d\u00edas de actividades, tales como Santiago Flores, Shurabe Mercado y Nahomi Flores, destacados activistas clim\u00e1ticos.<\/p>\n","protected":false},"excerpt":{"rendered":"<p>La Universidad Aut\u00f3noma del Estado de M\u00e9xico (UAEM\u00e9x) ser\u00e1 sede de la Primera Cumbre Clim\u00e1tica Juvenil (CCJ) del Estado de M\u00e9xico y de la Cumbre Nacional de las Juventudes (LCOY, por sus siglas en ingl\u00e9s) M\u00e9xico 2024, que del 20 al 22 de junio, se desarrollar\u00e1n en Ciudad Universitaria.<\/p>\n","protected":false},"author":3,"featured_media":623342,"comment_status":"open","ping_status":"open","sticky":false,"template":"","format":"standard","meta":{"_monsterinsights_skip_tracking":false,"_monsterinsights_sitenote_active":false,"_monsterinsights_sitenote_note":"","_monsterinsights_sitenote_category":0,"footnotes":""},"categories":[5],"tags":[100127,46007,67878],"class_list":["post-623269","post","type-post","status-publish","format-standard","has-post-thumbnail","hentry","category-estado-de-mexico","tag-climatico","tag-encuentro","tag-uaemex"],"_links":{"self":[{"href":"https:\/\/www.diarioimagen.net\/index.php?rest_route=\/wp\/v2\/posts\/623269","targetHints":{"allow":["GET"]}}],"collection":[{"href":"https:\/\/www.diarioimagen.net\/index.php?rest_route=\/wp\/v2\/posts"}],"about":[{"href":"https:\/\/www.diarioimagen.net\/index.php?rest_route=\/wp\/v2\/types\/post"}],"author":[{"embeddable":true,"href":"https:\/\/www.diarioimagen.net\/index.php?rest_route=\/wp\/v2\/users\/3"}],"replies":[{"embeddable":true,"href":"https:\/\/www.diarioimagen.net\/index.php?rest_route=%2Fwp%2Fv2%2Fcomments&post=623269"}],"version-history":[{"count":0,"href":"https:\/\/www.diarioimagen.net\/index.php?rest_route=\/wp\/v2\/posts\/623269\/revisions"}],"wp:featuredmedia":[{"embeddable":true,"href":"https:\/\/www.diarioimagen.net\/index.php?rest_route=\/wp\/v2\/media\/623342"}],"wp:attachment":[{"href":"https:\/\/www.diarioimagen.net\/index.php?rest_route=%2Fwp%2Fv2%2Fmedia&parent=623269"}],"wp:term":[{"taxonomy":"category","embeddable":true,"href":"https:\/\/www.diarioimagen.net\/index.php?rest_route=%2Fwp%2Fv2%2Fcategories&post=623269"},{"taxonomy":"post_tag","embeddable":true,"href":"https:\/\/www.diarioimagen.net\/index.php?rest_route=%2Fwp%2Fv2%2Ftags&post=623269"}],"curies":[{"name":"wp","href":"https:\/\/api.w.org\/{rel}","templated":true}]}}