{"id":623273,"date":"2024-06-20T00:02:07","date_gmt":"2024-06-20T06:02:07","guid":{"rendered":"https:\/\/www.diarioimagen.net\/?p=623273"},"modified":"2024-06-20T23:49:13","modified_gmt":"2024-06-21T05:49:13","slug":"accion-nacional-ya-entendio-el-mensaje-de-la-ciudadania-dice-enrique-vargas-del-villar","status":"publish","type":"post","link":"https:\/\/www.diarioimagen.net\/?p=623273","title":{"rendered":"Acci\u00f3n Nacional ya entendi\u00f3 el mensaje de la ciudadan\u00eda, dice Enrique Vargas"},"content":{"rendered":"<p>&nbsp;<\/p>\n<ul>\n<li><em><strong>\u201cNecesaria una reestructuraci\u00f3n a fondo\u201d<\/strong><\/em><\/li>\n<\/ul>\n<p><strong>\u00a0<\/strong><\/p>\n<h6>Arturo Baena<\/h6>\n<p>&nbsp;<\/p>\n<div id=\"attachment_623372\" style=\"width: 470px\" class=\"wp-caption aligncenter\"><a href=\"https:\/\/www.diarioimagen.net\/?attachment_id=623372\" rel=\"attachment wp-att-623372\"><img loading=\"lazy\" decoding=\"async\" aria-describedby=\"caption-attachment-623372\" class=\"size-full wp-image-623372\" src=\"https:\/\/www.diarioimagen.net\/wp-content\/uploads\/2024\/06\/accion-nacional-enrique-vargas.jpg\" alt=\"\" width=\"460\" height=\"270\" \/><\/a><p id=\"caption-attachment-623372\" class=\"wp-caption-text\">El panista Enrique Vargas del Villar asegur\u00f3 que el PAN requiere un cambio y una reestructuraci\u00f3n a fondo y se\u00a0 seguir\u00e1 trabajando de la mano de sus valores y su ideolog\u00eda.<\/p><\/div>\n<p>&nbsp;<\/p>\n<p><strong>Valle de M\u00e9xico.<\/strong>\u2014 \u201cDesde luego que el Partido Acci\u00f3n Nacional (PAN)\u00a0 ya entendi\u00f3 el mensaje de la ciudadan\u00eda y vamos a vencer los retos que se presenten siempre en unidad y con una reingenier\u00eda interna de nuestro partido\u201d.<\/p>\n<p>Asegur\u00f3 lo anterior el senador electo Enrique Vargas del Villar, luego de puntualizar qu\u00e9 \u201cAcci\u00f3n Nacional es el partido m\u00e1s antiguo y s\u00f3lido de M\u00e9xico. Desde su fundaci\u00f3n en 1939, es la fuerza m\u00e1s importante de la oposici\u00f3n, por eso vamos a trabajar para \u201caceitar\u201d nuestra \u201cmaquinaria\u201d pol\u00edtica y fortalecernos a\u00fan m\u00e1s como partido\u201d.<\/p>\n<p>El panista mexiquense asegur\u00f3 que ese instituto pol\u00edtico requiere un cambio y una reestructuraci\u00f3n a fondo y se\u00a0 seguir\u00e1 trabajando de la mano de sus valores y su ideolog\u00eda, al tiempo de ciudadanizarse.<\/p>\n<p>\u201cEn el pasado proceso electoral hubo aciertos y errores que estamos analizando para seguir creciendo como partido pol\u00edtico, ya entendimos el mensaje de la ciudadan\u00eda y vamos a darle un giro a la pol\u00edtica en nuestro pa\u00eds y en nuestro querido Estado de M\u00e9xico, afirm\u00f3. En ese sentido, Vargas del Villar asegur\u00f3 que en estos momentos \u201c la prioridad del blanquiazul es al interior del partido, conseguir transformarlo a los nuevos retos, a las demandas ciudadanas\u201d.<\/p>\n<p>Por otra parte, Vargas del Villar record\u00f3 que el PAN logr\u00f3 mantener el triunfo en muchos municipios, como Atizap\u00e1n de Zaragoza, Huixquilucan, Metepec, as\u00ed como posiciones importantes en el Congreso y por ello se va a trabajar en lo interno para seguir fortaleciendo al de Acci\u00f3n Nacional.<\/p>\n","protected":false},"excerpt":{"rendered":"<p>\u201cDesde luego que el Partido Acci\u00f3n Nacional (PAN)\u00a0 ya entendi\u00f3 el mensaje de la ciudadan\u00eda y vamos a vencer los retos que se presenten siempre en unidad y con una reingenier\u00eda interna de nuestro partido\u201d.<\/p>\n","protected":false},"author":3,"featured_media":623372,"comment_status":"open","ping_status":"open","sticky":false,"template":"","format":"standard","meta":{"_monsterinsights_skip_tracking":false,"_monsterinsights_sitenote_active":false,"_monsterinsights_sitenote_note":"","_monsterinsights_sitenote_category":0,"footnotes":""},"categories":[5],"tags":[47218,16897],"class_list":["post-623273","post","type-post","status-publish","format-standard","has-post-thumbnail","hentry","category-estado-de-mexico","tag-enrique-vargas-del-villar","tag-mensaje"],"_links":{"self":[{"href":"https:\/\/www.diarioimagen.net\/index.php?rest_route=\/wp\/v2\/posts\/623273","targetHints":{"allow":["GET"]}}],"collection":[{"href":"https:\/\/www.diarioimagen.net\/index.php?rest_route=\/wp\/v2\/posts"}],"about":[{"href":"https:\/\/www.diarioimagen.net\/index.php?rest_route=\/wp\/v2\/types\/post"}],"author":[{"embeddable":true,"href":"https:\/\/www.diarioimagen.net\/index.php?rest_route=\/wp\/v2\/users\/3"}],"replies":[{"embeddable":true,"href":"https:\/\/www.diarioimagen.net\/index.php?rest_route=%2Fwp%2Fv2%2Fcomments&post=623273"}],"version-history":[{"count":0,"href":"https:\/\/www.diarioimagen.net\/index.php?rest_route=\/wp\/v2\/posts\/623273\/revisions"}],"wp:featuredmedia":[{"embeddable":true,"href":"https:\/\/www.diarioimagen.net\/index.php?rest_route=\/wp\/v2\/media\/623372"}],"wp:attachment":[{"href":"https:\/\/www.diarioimagen.net\/index.php?rest_route=%2Fwp%2Fv2%2Fmedia&parent=623273"}],"wp:term":[{"taxonomy":"category","embeddable":true,"href":"https:\/\/www.diarioimagen.net\/index.php?rest_route=%2Fwp%2Fv2%2Fcategories&post=623273"},{"taxonomy":"post_tag","embeddable":true,"href":"https:\/\/www.diarioimagen.net\/index.php?rest_route=%2Fwp%2Fv2%2Ftags&post=623273"}],"curies":[{"name":"wp","href":"https:\/\/api.w.org\/{rel}","templated":true}]}}