{"id":623275,"date":"2024-06-20T00:03:24","date_gmt":"2024-06-20T06:03:24","guid":{"rendered":"https:\/\/www.diarioimagen.net\/?p=623275"},"modified":"2024-06-20T01:39:30","modified_gmt":"2024-06-20T07:39:30","slug":"seguiremos-trabajando-para-y-por-las-familias-mexiquenses-anuar-azar-figueroa","status":"publish","type":"post","link":"https:\/\/www.diarioimagen.net\/?p=623275","title":{"rendered":"Seguiremos trabajando para y por las familias mexiquenses: Anuar Azar Figueroa"},"content":{"rendered":"<p>&nbsp;<\/p>\n<ul>\n<li><em><strong>Lucha desde el Congreso local<\/strong><\/em><\/li>\n<\/ul>\n<p><strong>\u00a0<\/strong><\/p>\n<h6>Arturo Baena<\/h6>\n<p>&nbsp;<\/p>\n<div id=\"attachment_623374\" style=\"width: 470px\" class=\"wp-caption aligncenter\"><a href=\"https:\/\/www.diarioimagen.net\/?attachment_id=623374\" rel=\"attachment wp-att-623374\"><img loading=\"lazy\" decoding=\"async\" aria-describedby=\"caption-attachment-623374\" class=\"size-full wp-image-623374\" src=\"https:\/\/www.diarioimagen.net\/wp-content\/uploads\/2024\/06\/seguiremos-trabajando-anuar.jpg\" alt=\"\" width=\"460\" height=\"270\" \/><\/a><p id=\"caption-attachment-623374\" class=\"wp-caption-text\">Anuar Azar Figueroa afirm\u00f3 que continuar\u00e1n trabajando del lado de las familias para crear mejores condiciones para los mexiquenses.<\/p><\/div>\n<p>&nbsp;<\/p>\n<p><strong>Naucalpan, Estado de M\u00e9xico.\u2014<\/strong> \u201cAsumir\u00e9 con compromiso, determinaci\u00f3n y con toda la fuerza del Partido Acci\u00f3n Nacional (PAN) esta nueva responsabilidad, para seguir trabajando incansablemente por nuestro querido y amado Estado de M\u00e9xico\u201d.<\/p>\n<p>As\u00ed lo expres\u00f3 Anuar Azar Figueroa, qui\u00e9n en septiembre pr\u00f3ximo se convertir\u00e1 en diputado local, luego de asegurar que, junto con la fracci\u00f3n de Acci\u00f3n Nacional, buscar\u00e1 la creaci\u00f3n de leyes siempre en beneficio de las familias que viven en el Estado de M\u00e9xico.<\/p>\n<p>Sobre los pasados procesos electorales, el tambi\u00e9n presidente del CDE de ese instituto pol\u00edtico, destac\u00f3 que \u201ces tiempo de hacer una reflexi\u00f3n con humildad para saber qu\u00e9 no se ha hecho bien, regresar a los or\u00edgenes del partido y analizar si las coaliciones deben o no continuar\u201d, dijo.<\/p>\n<p>Anuar Azar reconoci\u00f3 que los resultados no les favorecieron, sin embargo, puntualiz\u00f3 que continuar\u00e1n trabajando del lado de las familias para crear mejores condiciones para los mexiquenses, desde una oposici\u00f3n cr\u00edtica, responsable y propositiva, adem\u00e1s de seguir la lucha para que no haya una sobre representaci\u00f3n de Morena en el Congreso local.<\/p>\n<p>Por otra parte, panistas mexiquenses, aseguraron que \u201chabr\u00e1 que analizar qu\u00e9 nos fall\u00f3, pero tambi\u00e9n hay que reconocer el arduo trabajo que realizaron diversas \u00e1reas de nuestro partido, entre ellas, la de promoci\u00f3n pol\u00edtica, acci\u00f3n juvenil, secretaria de g\u00e9nero y desde luego la de comunicaci\u00f3n, entre otras.<\/p>\n","protected":false},"excerpt":{"rendered":"<p>\u201cAsumir\u00e9 con compromiso, determinaci\u00f3n y con toda la fuerza del Partido Acci\u00f3n Nacional (PAN) esta nueva responsabilidad, para seguir trabajando incansablemente por nuestro querido y amado Estado de M\u00e9xico\u201d.<\/p>\n","protected":false},"author":3,"featured_media":623374,"comment_status":"open","ping_status":"open","sticky":false,"template":"","format":"standard","meta":{"_monsterinsights_skip_tracking":false,"_monsterinsights_sitenote_active":false,"_monsterinsights_sitenote_note":"","_monsterinsights_sitenote_category":0,"footnotes":""},"categories":[5],"tags":[93709,43675,6027,970],"class_list":["post-623275","post","type-post","status-publish","format-standard","has-post-thumbnail","hentry","category-estado-de-mexico","tag-anuar-azar-figueroa","tag-estado-de-mexico","tag-familia","tag-naucalpan"],"_links":{"self":[{"href":"https:\/\/www.diarioimagen.net\/index.php?rest_route=\/wp\/v2\/posts\/623275","targetHints":{"allow":["GET"]}}],"collection":[{"href":"https:\/\/www.diarioimagen.net\/index.php?rest_route=\/wp\/v2\/posts"}],"about":[{"href":"https:\/\/www.diarioimagen.net\/index.php?rest_route=\/wp\/v2\/types\/post"}],"author":[{"embeddable":true,"href":"https:\/\/www.diarioimagen.net\/index.php?rest_route=\/wp\/v2\/users\/3"}],"replies":[{"embeddable":true,"href":"https:\/\/www.diarioimagen.net\/index.php?rest_route=%2Fwp%2Fv2%2Fcomments&post=623275"}],"version-history":[{"count":0,"href":"https:\/\/www.diarioimagen.net\/index.php?rest_route=\/wp\/v2\/posts\/623275\/revisions"}],"wp:featuredmedia":[{"embeddable":true,"href":"https:\/\/www.diarioimagen.net\/index.php?rest_route=\/wp\/v2\/media\/623374"}],"wp:attachment":[{"href":"https:\/\/www.diarioimagen.net\/index.php?rest_route=%2Fwp%2Fv2%2Fmedia&parent=623275"}],"wp:term":[{"taxonomy":"category","embeddable":true,"href":"https:\/\/www.diarioimagen.net\/index.php?rest_route=%2Fwp%2Fv2%2Fcategories&post=623275"},{"taxonomy":"post_tag","embeddable":true,"href":"https:\/\/www.diarioimagen.net\/index.php?rest_route=%2Fwp%2Fv2%2Ftags&post=623275"}],"curies":[{"name":"wp","href":"https:\/\/api.w.org\/{rel}","templated":true}]}}