{"id":623290,"date":"2024-06-20T00:05:49","date_gmt":"2024-06-20T06:05:49","guid":{"rendered":"https:\/\/www.diarioimagen.net\/?p=623290"},"modified":"2024-06-20T23:45:59","modified_gmt":"2024-06-21T05:45:59","slug":"dra-eileen-barranco-te-dice-como-cuidar-tu-piel","status":"publish","type":"post","link":"https:\/\/www.diarioimagen.net\/?p=623290","title":{"rendered":"Dra. Eileen Barranco te dice como cuidar tu piel"},"content":{"rendered":"<p>&nbsp;<\/p>\n<h2 style=\"text-align: center;\">Especializada en dermatolog\u00eda cl\u00ednica y cosm\u00e9tica<\/h2>\n<p>&nbsp;<\/p>\n<ul>\n<li><strong><em>Ofrece el cien por ciento recomendado tratamiento TKN Mesojectgun<\/em><\/strong><\/li>\n<\/ul>\n<p><strong>\u00a0<\/strong><\/p>\n<h6>Mitzi Fern\u00e1ndez<\/h6>\n<p>&nbsp;<\/p>\n<div id=\"attachment_623354\" style=\"width: 470px\" class=\"wp-caption aligncenter\"><a href=\"https:\/\/www.diarioimagen.net\/?attachment_id=623354\" rel=\"attachment wp-att-623354\"><img loading=\"lazy\" decoding=\"async\" aria-describedby=\"caption-attachment-623354\" class=\"size-full wp-image-623354\" src=\"https:\/\/www.diarioimagen.net\/wp-content\/uploads\/2024\/06\/dra-eileen.jpg\" alt=\"\" width=\"460\" height=\"270\" \/><\/a><p id=\"caption-attachment-623354\" class=\"wp-caption-text\">Dra. Eileen Barranco es especializada en dermatolog\u00eda cl\u00ednica y cosm\u00e9tica, por lo que est\u00e1 comprometida al cuidado de la piel de sus pacientes. (<em>Foto: Mitzi Fern\u00e1ndez<\/em>).<\/p><\/div>\n<p>&nbsp;<\/p>\n<p>La doctora Eileen Barranco es especializada en dermatolog\u00eda cl\u00ednica y cosm\u00e9tica, por lo que est\u00e1 comprometida al cuidado de la piel de sus pacientes. Es certificada por el Consejo Mexicano de Dermatolog\u00eda.<\/p>\n<p>Ella nos invita a probar el tratamiento TKN Mesojectgun. \u00bfQu\u00e9 es? Pues es una mesoterapia, sin agujas, que por medio de impulsos el\u00e9ctricos cambia la polaridad de las c\u00e9lulas y habr\u00e9 los canales para que tu rostro absorba los nutrientes y vitaminas necesarios.<\/p>\n<p>Sirve y ayuda a hidratarnos la piel, disminuir el poro, combatir las hiperpigmentaciones, problemas de acn\u00e9, o solo darle brillo a la piel.<\/p>\n<p>Este tratamiento permite ser individual para cada paciente por la elecci\u00f3n de activos dando los resultados necesarios.<\/p>\n<p>Es recomendado para mayores de 15 a\u00f1os, solo necesita los cuidados de siempre como bloqueador solar, es un tratamiento indoloro y sin procesos de recuperaci\u00f3n.<\/p>\n<p>En la experiencia de la DRa. Eileen cuenta que en los pacientes de padecimientos dermatol\u00f3gicos esto ha tenido un cambio grande, como en pacientes que sufren de esclerodermia padecimiento que endurece la piel. Y es que, no solo es est\u00e9tico si no terap\u00e9utico. Incluso personas con vit\u00edligo puedes realiz\u00e1rselo sin ning\u00fan problema pues no irrita.<\/p>\n<p>Lo recomienda por los beneficios, por su conocimiento y por qu\u00e9 ella misma lo ha utilizado. Record\u00e1ndonos que es un procedimiento b\u00e1sico y que busca nutrir la piel.<\/p>\n<p>Las sesiones pueden repetirse cada 15 d\u00edas, dependiendo de cada paciente, \u201cbuscamos una piel sana y con los activos podemos lograrlo o nos prepara para si despu\u00e9s quisi\u00e9ramos otros procedimientos, como un l\u00e1ser, pues la piel hidratada responde bien a cualquier tratamiento\u201d asegur\u00f3 la doctora.<\/p>\n<p>Todo comienza con una fotograf\u00eda de tu rostro en un analizador facial, que muestra los da\u00f1os por el sol, manchas, y como se ver\u00e1 tu piel en algunos a\u00f1os, muestra a detalle las \u00e1reas que necesitan ser tratadas y rehidratadas.<\/p>\n<p>El segundo paso ser\u00e1 una limpieza de rostro, seguido de la aplicaci\u00f3n de producto por partes mientras van dando los impulsos el\u00e9ctricos en los que solo sentir\u00e1s de repente un cosquilleo.<\/p>\n<p>Terminando con una mascarilla que te permitir\u00e1 relajarte unos minutos en lo que se activa. Aproximadamente unos 45 min de tratamiento para poder empezar a ver los resultados del cambio en tu piel.<\/p>\n<p>Debido a que no necesita recuperaci\u00f3n o cuidados, puedes realiz\u00e1rtelo un d\u00eda antes de un evento o d\u00eda importante en el que quieras lucir una piel radiante.<\/p>\n<p>Si deseas saber m\u00e1s sobre Mesojectgun, otro tratamiento o agendar una cita con la doctora puedes contactarla en sus redes sociales <em>@dra.eileeen.derma<\/em><\/p>\n","protected":false},"excerpt":{"rendered":"<p>La doctora Eileen Barranco es especializada en dermatolog\u00eda cl\u00ednica y cosm\u00e9tica, por lo que est\u00e1 comprometida al cuidado de la piel de sus pacientes. Es certificada por el Consejo Mexicano de Dermatolog\u00eda.<\/p>\n","protected":false},"author":3,"featured_media":623354,"comment_status":"open","ping_status":"open","sticky":false,"template":"","format":"standard","meta":{"_monsterinsights_skip_tracking":false,"_monsterinsights_sitenote_active":false,"_monsterinsights_sitenote_note":"","_monsterinsights_sitenote_category":0,"footnotes":""},"categories":[12,877],"tags":[21647,100131,7221,43692],"class_list":["post-623290","post","type-post","status-publish","format-standard","has-post-thumbnail","hentry","category-espectaculos","category-salud","tag-cuidado","tag-eileen-barranco","tag-piel","tag-salud"],"_links":{"self":[{"href":"https:\/\/www.diarioimagen.net\/index.php?rest_route=\/wp\/v2\/posts\/623290","targetHints":{"allow":["GET"]}}],"collection":[{"href":"https:\/\/www.diarioimagen.net\/index.php?rest_route=\/wp\/v2\/posts"}],"about":[{"href":"https:\/\/www.diarioimagen.net\/index.php?rest_route=\/wp\/v2\/types\/post"}],"author":[{"embeddable":true,"href":"https:\/\/www.diarioimagen.net\/index.php?rest_route=\/wp\/v2\/users\/3"}],"replies":[{"embeddable":true,"href":"https:\/\/www.diarioimagen.net\/index.php?rest_route=%2Fwp%2Fv2%2Fcomments&post=623290"}],"version-history":[{"count":0,"href":"https:\/\/www.diarioimagen.net\/index.php?rest_route=\/wp\/v2\/posts\/623290\/revisions"}],"wp:featuredmedia":[{"embeddable":true,"href":"https:\/\/www.diarioimagen.net\/index.php?rest_route=\/wp\/v2\/media\/623354"}],"wp:attachment":[{"href":"https:\/\/www.diarioimagen.net\/index.php?rest_route=%2Fwp%2Fv2%2Fmedia&parent=623290"}],"wp:term":[{"taxonomy":"category","embeddable":true,"href":"https:\/\/www.diarioimagen.net\/index.php?rest_route=%2Fwp%2Fv2%2Fcategories&post=623290"},{"taxonomy":"post_tag","embeddable":true,"href":"https:\/\/www.diarioimagen.net\/index.php?rest_route=%2Fwp%2Fv2%2Ftags&post=623290"}],"curies":[{"name":"wp","href":"https:\/\/api.w.org\/{rel}","templated":true}]}}