{"id":623306,"date":"2024-06-20T00:03:57","date_gmt":"2024-06-20T06:03:57","guid":{"rendered":"https:\/\/www.diarioimagen.net\/?p=623306"},"modified":"2024-06-21T02:08:33","modified_gmt":"2024-06-21T08:08:33","slug":"detienen-aguacates-y-siguen-bloqueos","status":"publish","type":"post","link":"https:\/\/www.diarioimagen.net\/?p=623306","title":{"rendered":"Detienen aguacates y siguen bloqueos"},"content":{"rendered":"<h2>Espacio Electoral<\/h2>\n<h5>Eleazar Flores<\/h5>\n<p>&nbsp;<\/p>\n<p><strong>AQU\u00cd SE ADVIRTIERON-.<\/strong> Iniciado el a\u00f1o, este espacio anticip\u00f3 el BLOQUEO M\u00daLTIPLE que promover\u00edan en entradas y salidas principales de la capital del pa\u00eds, registr\u00e1ndose a la fecha diez de ellos cuando menos, pero el de esta semana en la carretera ARCO NORTE\u00a0 rebasa c\u00e1lculos de da\u00f1os personales y p\u00e9rdidas econ\u00f3micas.<\/p>\n<p>Historias de vida sufridas por habitantes de la meseta central que \u201cviven\u201d en sus veh\u00edculos por largas 24 horas y que reciben agua\u00a0 o un taco, de vecinos solidarios de poblaciones aleda\u00f1as, y sin poder llegar a sus casas, o no participar en un partido de fut infantil, con deportistas de primaria en competencia tan seria que es clasificatoria para etapas posteriores de los equipos ganadores. No me lo contaron, lo viv\u00ed.<\/p>\n<p>Los empresarios del autotransporte de carga no piden IMPOSIBLES, solamente que exista vigilancia y seguridad real en las carreteras, pues se han dado caso de que en ocasiones UNIFORMADOS de la GUARDIA NACIONAL -reales o ficticios, pues nadie investiga- son quienes piden \u201cMOCHES\u201d a cambio de que los transportistas puedan seguir su camino.<\/p>\n<p>Un mexiquense propietario de un tr\u00e1iler que lo empleaba o \u201calquilaba\u201d\u2014como dice\u2014 para transportar carga de Sinaloa a la capital del pa\u00eds ha decidido dejar de hacerlo, pues le han advertido que si lo vuelven a ver\u00a0 recorriendo la M\u00e9xico-Quer\u00e9taro no lo volver\u00e1 a contar a sus familiares y ante esa amenaza, el productor y empleador\u00a0 de la unidad no se compromete a nada.<\/p>\n<p><strong>CONFLICTO-.<\/strong> Esto de los bloqueos es a nivel interno, pero en lo internacional, la suspensi\u00f3n de la exportaci\u00f3n de AGUACATE Y MANGO\u00a0 de Michoac\u00e1n a Estados Unidos, por la detenci\u00f3n de inspectores yanquis que supervisan la calidad de esos productos, es grave desde el punto de vista econ\u00f3mico, pues las p\u00e9rdidas son en millones de d\u00f3lares por d\u00eda \u00bfy el Presidente? Mejor, el embajador norteamericano en nuestro pa\u00eds, Ken Salazar, ayer estuvo en Michoac\u00e1n para buscar una soluci\u00f3n.<\/p>\n<p>Los aguacates de Michoac\u00e1n son los m\u00e1s codiciados y comprados por el mercado norteamericano, igual que los mangos, sin olvidar la producci\u00f3n de lim\u00f3n, \u00e9ste \u00faltimo preferentemente para el consumo nacional, pues es materia prima para preparar AGUA DE LIM\u00d3N en esta \u00e9poca de calor o como complemento indispensable para los sabrosos tacos de carnitas o al pastor. Indispensable.<\/p>\n<p>El problema de los INSPECTORES NORTEAMERICANOS en tierras michoacanas se dio el pasado fin de semana, trascendi\u00f3 en la capital del pa\u00eds tres d\u00edas despu\u00e9s, pero en tierras pur\u00e9pechas ni el gobernador Alfredo Ram\u00edrez Bedolla hizo algo por atender este asunto de car\u00e1cter internacional, as\u00ed que el gobierno federal seguramente vio lejos el conflicto.<\/p>\n<p>L\u00e1stima por los esforzados productores agr\u00edcolas michoacanos, pues en estas condiciones del tiempo, su trabajo es literalmente heroico.<\/p>\n<p><em><a href=\"mailto:elefa44@gmail.com\" target=\"_blank\" rel=\"noopener noreferrer\">elefa44@gmail.com<\/a><\/em><\/p>\n","protected":false},"excerpt":{"rendered":"<p><span style=\"color: #005497;\"><strong>Eleazar Flores<\/strong><\/span><\/p>\n","protected":false},"author":3,"featured_media":0,"comment_status":"open","ping_status":"open","sticky":false,"template":"","format":"standard","meta":{"_monsterinsights_skip_tracking":false,"_monsterinsights_sitenote_active":false,"_monsterinsights_sitenote_note":"","_monsterinsights_sitenote_category":0,"footnotes":""},"categories":[81743],"tags":[81744,81776,43674],"class_list":["post-623306","post","type-post","status-publish","format-standard","hentry","category-eleazar-flores","tag-eleazar-flores","tag-espacio-electoral","tag-opinion"],"_links":{"self":[{"href":"https:\/\/www.diarioimagen.net\/index.php?rest_route=\/wp\/v2\/posts\/623306","targetHints":{"allow":["GET"]}}],"collection":[{"href":"https:\/\/www.diarioimagen.net\/index.php?rest_route=\/wp\/v2\/posts"}],"about":[{"href":"https:\/\/www.diarioimagen.net\/index.php?rest_route=\/wp\/v2\/types\/post"}],"author":[{"embeddable":true,"href":"https:\/\/www.diarioimagen.net\/index.php?rest_route=\/wp\/v2\/users\/3"}],"replies":[{"embeddable":true,"href":"https:\/\/www.diarioimagen.net\/index.php?rest_route=%2Fwp%2Fv2%2Fcomments&post=623306"}],"version-history":[{"count":0,"href":"https:\/\/www.diarioimagen.net\/index.php?rest_route=\/wp\/v2\/posts\/623306\/revisions"}],"wp:attachment":[{"href":"https:\/\/www.diarioimagen.net\/index.php?rest_route=%2Fwp%2Fv2%2Fmedia&parent=623306"}],"wp:term":[{"taxonomy":"category","embeddable":true,"href":"https:\/\/www.diarioimagen.net\/index.php?rest_route=%2Fwp%2Fv2%2Fcategories&post=623306"},{"taxonomy":"post_tag","embeddable":true,"href":"https:\/\/www.diarioimagen.net\/index.php?rest_route=%2Fwp%2Fv2%2Ftags&post=623306"}],"curies":[{"name":"wp","href":"https:\/\/api.w.org\/{rel}","templated":true}]}}