{"id":623436,"date":"2024-06-21T00:03:32","date_gmt":"2024-06-21T06:03:32","guid":{"rendered":"https:\/\/www.diarioimagen.net\/?p=623436"},"modified":"2024-06-21T03:07:45","modified_gmt":"2024-06-21T09:07:45","slug":"mexico-ira-por-el-camino-correcto-con-claudia-sheinbaum-afirma-carlos-trujillo","status":"publish","type":"post","link":"https:\/\/www.diarioimagen.net\/?p=623436","title":{"rendered":"M\u00e9xico ir\u00e1 por el camino correcto con Claudia Sheinbaum, afirma Carlos Trujillo"},"content":{"rendered":"<p>&nbsp;<\/p>\n<ul>\n<li><em><strong>Segundo S\u00edndico en Naucalpan<\/strong><\/em><\/li>\n<\/ul>\n<p>&nbsp;<\/p>\n<div id=\"attachment_623570\" style=\"width: 470px\" class=\"wp-caption aligncenter\"><a href=\"https:\/\/www.diarioimagen.net\/?attachment_id=623570\" rel=\"attachment wp-att-623570\"><img loading=\"lazy\" decoding=\"async\" aria-describedby=\"caption-attachment-623570\" class=\"size-full wp-image-623570\" src=\"https:\/\/www.diarioimagen.net\/wp-content\/uploads\/2024\/06\/mexico-ira-por-el-camino.jpg\" alt=\"\" width=\"460\" height=\"270\" \/><\/a><p id=\"caption-attachment-623570\" class=\"wp-caption-text\">El segundo s\u00edndico de Naucalpan, Carlos Trujillo Anell, afirm\u00f3 que M\u00e9xico va por el camino correcto y la Cuarta Transformaci\u00f3n se seguir\u00e1 fortaleciendo bajo el mandato de Claudia Sheinbaum.<\/p><\/div>\n<p>&nbsp;<\/p>\n<p><strong>Naucalpan, Estado de M\u00e9xico.\u2014<\/strong> \u201cLa futura primera mandataria de nuestro pa\u00eds, Claudia Sheinbaum, tiene la oportunidad de ser \u201cuna muy buena Presidenta\u201d, dada su trayectoria y experiencia pol\u00edtica. Hoy con el nombramiento de los sus primeros secretarios de Estado (seis), nos indica que vamos por muy buen camino\u201d.<\/p>\n<p>As\u00ed lo expres\u00f3 el segundo s\u00edndico municipal, Carlos Trujillo Anell, luego de puntualizar: \u201cCreo que nuestro pa\u00eds va por el camino correcto y la Cuarta Transformaci\u00f3n se seguir\u00e1 fortaleciendo bajo su mandato\u201d.<\/p>\n<p>Por otra parte, el s\u00edndico municipal emanado de Morena, destac\u00f3 que con los nombramientos de quienes la acompa\u00f1ar\u00e1n en su gabinete, demuestra que se rodear\u00e1 de hombres y mujeres con capacidad y experiencia. Carlos Trujillo reconoci\u00f3 a las y nuevos secretarios que acompa\u00f1ar\u00e1n a la primera presidenta de M\u00e9xico y entre ellos, destac\u00f3 a Marcelo Ebrard, quien ser\u00e1 secretario de econom\u00eda.<\/p>\n<p>Finalmente, el s\u00edndico municipal adelant\u00f3 que \u201ctodas y todos los miembros del Gabinete de la presidenta electa Claudia Sheinbaum, sabr\u00e1n responder con trabajo a la mandataria, pero sobre todo al pueblo de M\u00e9xico\u201d. Estos son las primeras mujeres y hombres que nombr\u00f3 la presidenta electa, Claudia Sheinbaum:<\/p>\n<p>Marcelo Ebrard Casaub\u00f3n, secretario de Econom\u00eda; Rosaura Ruiz Guti\u00e9rrez, secretaria de Ciencia, Humanidades, Tecnolog\u00eda e Innovaci\u00f3n; Juan Ram\u00f3n de la Fuente Ram\u00edrez, secretario de Relaciones Exteriores; Alicia B\u00e1rcena Ibarra, secretaria de Medio Ambiente y Recursos Naturales; Julio Berdegu\u00e9 Sacrist\u00e1n, secretar\u00eda de Agricultura y Desarrollo Rural y Ernestina Godoy Ramos, consejera jur\u00eddica.<\/p>\n","protected":false},"excerpt":{"rendered":"<p>\u201cLa futura primera mandataria de nuestro pa\u00eds, Claudia Sheinbaum, tiene la oportunidad de ser \u201cuna muy buena Presidenta\u201d, dada su trayectoria y experiencia pol\u00edtica. Hoy con el nombramiento de los sus primeros secretarios de Estado (seis), nos indica que vamos por muy buen camino\u201d.<\/p>\n","protected":false},"author":3,"featured_media":623570,"comment_status":"open","ping_status":"open","sticky":false,"template":"","format":"standard","meta":{"_monsterinsights_skip_tracking":false,"_monsterinsights_sitenote_active":false,"_monsterinsights_sitenote_note":"","_monsterinsights_sitenote_category":0,"footnotes":""},"categories":[5],"tags":[94023,94625,43675,970],"class_list":["post-623436","post","type-post","status-publish","format-standard","has-post-thumbnail","hentry","category-estado-de-mexico","tag-camino","tag-correcto","tag-estado-de-mexico","tag-naucalpan"],"_links":{"self":[{"href":"https:\/\/www.diarioimagen.net\/index.php?rest_route=\/wp\/v2\/posts\/623436","targetHints":{"allow":["GET"]}}],"collection":[{"href":"https:\/\/www.diarioimagen.net\/index.php?rest_route=\/wp\/v2\/posts"}],"about":[{"href":"https:\/\/www.diarioimagen.net\/index.php?rest_route=\/wp\/v2\/types\/post"}],"author":[{"embeddable":true,"href":"https:\/\/www.diarioimagen.net\/index.php?rest_route=\/wp\/v2\/users\/3"}],"replies":[{"embeddable":true,"href":"https:\/\/www.diarioimagen.net\/index.php?rest_route=%2Fwp%2Fv2%2Fcomments&post=623436"}],"version-history":[{"count":0,"href":"https:\/\/www.diarioimagen.net\/index.php?rest_route=\/wp\/v2\/posts\/623436\/revisions"}],"wp:featuredmedia":[{"embeddable":true,"href":"https:\/\/www.diarioimagen.net\/index.php?rest_route=\/wp\/v2\/media\/623570"}],"wp:attachment":[{"href":"https:\/\/www.diarioimagen.net\/index.php?rest_route=%2Fwp%2Fv2%2Fmedia&parent=623436"}],"wp:term":[{"taxonomy":"category","embeddable":true,"href":"https:\/\/www.diarioimagen.net\/index.php?rest_route=%2Fwp%2Fv2%2Fcategories&post=623436"},{"taxonomy":"post_tag","embeddable":true,"href":"https:\/\/www.diarioimagen.net\/index.php?rest_route=%2Fwp%2Fv2%2Ftags&post=623436"}],"curies":[{"name":"wp","href":"https:\/\/api.w.org\/{rel}","templated":true}]}}