{"id":623438,"date":"2024-06-21T00:04:59","date_gmt":"2024-06-21T06:04:59","guid":{"rendered":"https:\/\/www.diarioimagen.net\/?p=623438"},"modified":"2024-06-21T03:13:38","modified_gmt":"2024-06-21T09:13:38","slug":"trabajara-isaac-montoya-marquez-de-la-mano-de-gobiernos-federal-y-estatal-edgar-cruz-torres","status":"publish","type":"post","link":"https:\/\/www.diarioimagen.net\/?p=623438","title":{"rendered":"Trabajar\u00e1 Isaac Montoya M\u00e1rquez de la mano de gobiernos federal y estatal: Edgar\u00a0Cruz Torres"},"content":{"rendered":"<p>&nbsp;<\/p>\n<ul>\n<li><em><strong>\u201cFalta mucho por hacer en Naucalpan\u201d<\/strong><\/em><\/li>\n<\/ul>\n<p>&nbsp;<\/p>\n<div id=\"attachment_623568\" style=\"width: 470px\" class=\"wp-caption aligncenter\"><a href=\"https:\/\/www.diarioimagen.net\/?attachment_id=623568\" rel=\"attachment wp-att-623568\"><img loading=\"lazy\" decoding=\"async\" aria-describedby=\"caption-attachment-623568\" class=\"size-full wp-image-623568\" src=\"https:\/\/www.diarioimagen.net\/wp-content\/uploads\/2024\/06\/trabajara-isaac.jpg\" alt=\"\" width=\"460\" height=\"270\" \/><\/a><p id=\"caption-attachment-623568\" class=\"wp-caption-text\">El regidor morenista Edgar Israel Cruz Torres reconoci\u00f3 que falta mucho por hacer en Naucalpan.<\/p><\/div>\n<p>&nbsp;<\/p>\n<p><strong>Naucalpan, Estado de M\u00e9xioco<\/strong>.\u2014 \u201cHasta el \u00faltimo minuto de nuestra gesti\u00f3n como representante popular del Movimiento de Regeneraci\u00f3n Nacional (Morena) seguiremos trabajando en favor de las y los naucalpenses, adem\u00e1s de que se continuar\u00e1 gestionando m\u00e1s y mejores servicios comunitarios\u201d.<\/p>\n<p>As\u00ed lo expres\u00f3 el joven regidor Edgar Israel Cruz Torres, luego de se\u00f1alar que \u201cuna de nuestras prioridades es el encontrar soluciones a las demandas ciudadanas y en estas peticiones estamos en plena coordinaci\u00f3n con las diversas \u00e1reas de gobierno\u201d.<\/p>\n<p>Por otra parte, Cruz Torres destac\u00f3 la voluntad de los naucalpenses que con su voto, eligieron a Isaac Montoya M\u00e1rquez, como su pr\u00f3ximo presidente municipal quien \u201csin duda alguna traer\u00e1 cambios importantes para el municipio\u201d, dijo.<\/p>\n<p>El regidor morenista reconoci\u00f3 que falta mucho por hacer en este municipio, y una vez que asuma la presidencia municipal Isaac Montoya, \u201csin duda que las cosas mejorar\u00e1n paulatinamente en beneficio de las familias naucalpenses\u201d, insisti\u00f3.<\/p>\n<p>Asimismo, el regidor morenista puntualiz\u00f3 que \u201csin duda alguna, que el presidente electo de Naucalpan, Isaac Montoya, trabajar\u00e1 de la mano del gobierno federal y estatal para dar continuidad al fortalecimiento de la Cuarta Transformaci\u00f3n no s\u00f3lo en Naucalpan, el Estado de M\u00e9xico, sino en todo el pa\u00eds\u201d.<\/p>\n<p>Finalmente, Edgar Israel Torres, Abund\u00f3 que \u201clas puertas de la novena regidur\u00eda siempre estar\u00e1n abiertas para atender a la ciudadan\u00eda\u201d, concluy\u00f3.<\/p>\n","protected":false},"excerpt":{"rendered":"<p>\u201cHasta el \u00faltimo minuto de nuestra gesti\u00f3n como representante popular del Movimiento de Regeneraci\u00f3n Nacional (Morena) seguiremos trabajando en favor de las y los naucalpenses, adem\u00e1s de que se continuar\u00e1 gestionando m\u00e1s y mejores servicios comunitarios\u201d.<\/p>\n","protected":false},"author":3,"featured_media":623568,"comment_status":"open","ping_status":"open","sticky":false,"template":"","format":"standard","meta":{"_monsterinsights_skip_tracking":false,"_monsterinsights_sitenote_active":false,"_monsterinsights_sitenote_note":"","_monsterinsights_sitenote_category":0,"footnotes":""},"categories":[5],"tags":[95149,970],"class_list":["post-623438","post","type-post","status-publish","format-standard","has-post-thumbnail","hentry","category-estado-de-mexico","tag-isaac-montoya-marquez","tag-naucalpan"],"_links":{"self":[{"href":"https:\/\/www.diarioimagen.net\/index.php?rest_route=\/wp\/v2\/posts\/623438","targetHints":{"allow":["GET"]}}],"collection":[{"href":"https:\/\/www.diarioimagen.net\/index.php?rest_route=\/wp\/v2\/posts"}],"about":[{"href":"https:\/\/www.diarioimagen.net\/index.php?rest_route=\/wp\/v2\/types\/post"}],"author":[{"embeddable":true,"href":"https:\/\/www.diarioimagen.net\/index.php?rest_route=\/wp\/v2\/users\/3"}],"replies":[{"embeddable":true,"href":"https:\/\/www.diarioimagen.net\/index.php?rest_route=%2Fwp%2Fv2%2Fcomments&post=623438"}],"version-history":[{"count":0,"href":"https:\/\/www.diarioimagen.net\/index.php?rest_route=\/wp\/v2\/posts\/623438\/revisions"}],"wp:featuredmedia":[{"embeddable":true,"href":"https:\/\/www.diarioimagen.net\/index.php?rest_route=\/wp\/v2\/media\/623568"}],"wp:attachment":[{"href":"https:\/\/www.diarioimagen.net\/index.php?rest_route=%2Fwp%2Fv2%2Fmedia&parent=623438"}],"wp:term":[{"taxonomy":"category","embeddable":true,"href":"https:\/\/www.diarioimagen.net\/index.php?rest_route=%2Fwp%2Fv2%2Fcategories&post=623438"},{"taxonomy":"post_tag","embeddable":true,"href":"https:\/\/www.diarioimagen.net\/index.php?rest_route=%2Fwp%2Fv2%2Ftags&post=623438"}],"curies":[{"name":"wp","href":"https:\/\/api.w.org\/{rel}","templated":true}]}}