{"id":623441,"date":"2024-06-21T00:02:10","date_gmt":"2024-06-21T06:02:10","guid":{"rendered":"https:\/\/www.diarioimagen.net\/?p=623441"},"modified":"2024-06-21T03:07:25","modified_gmt":"2024-06-21T09:07:25","slug":"cruz-roja-y-empresa-ike-se-coordinan-para-atender-las-emergencias-medicas","status":"publish","type":"post","link":"https:\/\/www.diarioimagen.net\/?p=623441","title":{"rendered":"Cruz Roja y empresa Ik\u00e9 se coordinan para atender las emergencias m\u00e9dicas"},"content":{"rendered":"<p>&nbsp;<\/p>\n<ul>\n<li><em><strong>Firman convenio<\/strong><\/em><\/li>\n<\/ul>\n<p>&nbsp;<\/p>\n<div id=\"attachment_623575\" style=\"width: 470px\" class=\"wp-caption aligncenter\"><a href=\"https:\/\/www.diarioimagen.net\/?attachment_id=623575\" rel=\"attachment wp-att-623575\"><img loading=\"lazy\" decoding=\"async\" aria-describedby=\"caption-attachment-623575\" class=\"size-full wp-image-623575\" src=\"https:\/\/www.diarioimagen.net\/wp-content\/uploads\/2024\/06\/cruz-roja-ike.jpg\" alt=\"\" width=\"460\" height=\"270\" \/><\/a><p id=\"caption-attachment-623575\" class=\"wp-caption-text\">El delegado de Cruz Roja Mexicana en el Estado de M\u00e9xico, Jorge Alberto Forastieri Mu\u00f1oz, expres\u00f3 que la instituci\u00f3n busca financiar los proyectos humanitarios institucionales.<\/p><\/div>\n<p>&nbsp;<\/p>\n<p><strong>Valle de M\u00e9xico.\u2014<\/strong> La Cruz Roja Mexicana y la empresa de asistencia Ik\u00e9 firmaron un convenio que marca el inicio de una colaboraci\u00f3n estrat\u00e9gica en beneficio de la comunidad mexicana.<\/p>\n<p>El convenio tiene como objetivo principal ampliar y fortalecer los esfuerzos conjuntos para atender emergencias m\u00e9dicas a trav\u00e9s de la red de ambulancias de la Cruz Roja Mexicana en el Estado de M\u00e9xico y la CDMX, y de esta manera mejorar la respuesta y pronta atenci\u00f3n a los usuarios de los servicios proporcionados por Ik\u00e9.<\/p>\n<p>Reconocida como la empresa de asistencia m\u00e1s grande de Latinoam\u00e9rica, Ik\u00e9, ha confiado en la Cruz Roja Mexicana por su capacidad operativa, la presencia en m\u00e1s del 70 por ciento del territorio mexiquense y la cobertura en el 100 por ciento de la Ciudad de M\u00e9xico, adem\u00e1s de la experiencia y atenci\u00f3n humana y profesional del personal m\u00e9dico y param\u00e9dico de la instituci\u00f3n.<\/p>\n<p>Esta colaboraci\u00f3n no s\u00f3lo fortalecer\u00e1 las capacidades de respuesta ante emergencias, sino que tambi\u00e9n permitir\u00e1 desarrollar proyectos innovadores orientados al bienestar y la seguridad de la poblaci\u00f3n.<\/p>\n<p>El delegado Estatal de Cruz Roja Mexicana en el Estado de M\u00e9xico, Jorge Alberto Forastieri Mu\u00f1oz, expres\u00f3 que la instituci\u00f3n ha buscado generar alianzas con empresas del sector seguros y asistencia con la finalidad de financiar los proyectos humanitarios institucionales.<\/p>\n<p>\u201cEsta es una forma de procurar fondos a trav\u00e9s del intercambio de servicios de cobertura de ambulancias y atenci\u00f3n m\u00e9dica con nuestra red de hospitales y ambulancias en el Estado de M\u00e9xico y el Hospital Central de la Cruz Roja Mexicana en la Ciudad de M\u00e9xico\u201d, indic\u00f3.<\/p>\n","protected":false},"excerpt":{"rendered":"<p>La Cruz Roja Mexicana y la empresa de asistencia Ik\u00e9 firmaron un convenio que marca el inicio de una colaboraci\u00f3n estrat\u00e9gica en beneficio de la comunidad mexicana.<\/p>\n","protected":false},"author":3,"featured_media":623575,"comment_status":"open","ping_status":"open","sticky":false,"template":"","format":"standard","meta":{"_monsterinsights_skip_tracking":false,"_monsterinsights_sitenote_active":false,"_monsterinsights_sitenote_note":"","_monsterinsights_sitenote_category":0,"footnotes":""},"categories":[18863],"tags":[919,13050,100136,34],"class_list":["post-623441","post","type-post","status-publish","format-standard","has-post-thumbnail","hentry","category-salud-edomex","tag-cruz-roja","tag-emergencia","tag-ike","tag-valle-de-mexico"],"_links":{"self":[{"href":"https:\/\/www.diarioimagen.net\/index.php?rest_route=\/wp\/v2\/posts\/623441","targetHints":{"allow":["GET"]}}],"collection":[{"href":"https:\/\/www.diarioimagen.net\/index.php?rest_route=\/wp\/v2\/posts"}],"about":[{"href":"https:\/\/www.diarioimagen.net\/index.php?rest_route=\/wp\/v2\/types\/post"}],"author":[{"embeddable":true,"href":"https:\/\/www.diarioimagen.net\/index.php?rest_route=\/wp\/v2\/users\/3"}],"replies":[{"embeddable":true,"href":"https:\/\/www.diarioimagen.net\/index.php?rest_route=%2Fwp%2Fv2%2Fcomments&post=623441"}],"version-history":[{"count":0,"href":"https:\/\/www.diarioimagen.net\/index.php?rest_route=\/wp\/v2\/posts\/623441\/revisions"}],"wp:featuredmedia":[{"embeddable":true,"href":"https:\/\/www.diarioimagen.net\/index.php?rest_route=\/wp\/v2\/media\/623575"}],"wp:attachment":[{"href":"https:\/\/www.diarioimagen.net\/index.php?rest_route=%2Fwp%2Fv2%2Fmedia&parent=623441"}],"wp:term":[{"taxonomy":"category","embeddable":true,"href":"https:\/\/www.diarioimagen.net\/index.php?rest_route=%2Fwp%2Fv2%2Fcategories&post=623441"},{"taxonomy":"post_tag","embeddable":true,"href":"https:\/\/www.diarioimagen.net\/index.php?rest_route=%2Fwp%2Fv2%2Ftags&post=623441"}],"curies":[{"name":"wp","href":"https:\/\/api.w.org\/{rel}","templated":true}]}}