{"id":623447,"date":"2024-06-21T00:05:59","date_gmt":"2024-06-21T06:05:59","guid":{"rendered":"https:\/\/www.diarioimagen.net\/?p=623447"},"modified":"2024-06-21T03:12:42","modified_gmt":"2024-06-21T09:12:42","slug":"gobierno-de-delfina-gomez-reafirma-compromiso-con-la-educacion","status":"publish","type":"post","link":"https:\/\/www.diarioimagen.net\/?p=623447","title":{"rendered":"Gobierno de Delfina G\u00f3mez reafirma compromiso con la educaci\u00f3n"},"content":{"rendered":"<p>&nbsp;<\/p>\n<ul>\n<li><em><strong>Fortalecimiento de las telesecundarias<\/strong><\/em><\/li>\n<\/ul>\n<p><strong>\u00a0<\/strong><\/p>\n<div id=\"attachment_623579\" style=\"width: 470px\" class=\"wp-caption aligncenter\"><a href=\"https:\/\/www.diarioimagen.net\/?attachment_id=623579\" rel=\"attachment wp-att-623579\"><img loading=\"lazy\" decoding=\"async\" aria-describedby=\"caption-attachment-623579\" class=\"size-full wp-image-623579\" src=\"https:\/\/www.diarioimagen.net\/wp-content\/uploads\/2024\/06\/gobierno-delfina-reafirma.jpg\" alt=\"\" width=\"460\" height=\"270\" \/><\/a><p id=\"caption-attachment-623579\" class=\"wp-caption-text\">En el Estado de M\u00e9xico hay 711 escuelas telesecundarias que atienden a a 59 mil 963 estudiantes.<\/p><\/div>\n<p>&nbsp;<\/p>\n<p><strong>Toluca, Estado de M\u00e9xico.\u2014<\/strong> El gobierno del Estado de M\u00e9xico que encabeza Delfina G\u00f3mez \u00c1lvarez, a trav\u00e9s de la Secretar\u00eda de Educaci\u00f3n, Ciencia, Tecnolog\u00eda e Innovaci\u00f3n (SECTI), fortalece las 711 Escuelas Telesecundarias que existen en la entidad, reafirmando su compromiso con la equidad, la excelencia y la mejora continua en la educaci\u00f3n con la implementaci\u00f3n de la Nueva Escuela Mexicana (NEM).<\/p>\n<p>Miguel \u00c1ngel Hern\u00e1ndez Espejel, titular de la SECTI indic\u00f3 que el modelo de Telesecundaria no s\u00f3lo se enfoca en la transmisi\u00f3n de conocimientos acad\u00e9micos, sino tambi\u00e9n en la vinculaci\u00f3n con la comunidad.<\/p>\n<p>A trav\u00e9s de proyectos de desarrollo acad\u00e9mico y de integraci\u00f3n comunitaria, se promueve la participaci\u00f3n de los estudiantes en la soluci\u00f3n de problemas reales, contribuyendo a la preservaci\u00f3n de costumbres y tradiciones locales, fomentando una revaloraci\u00f3n de la cultura propia.<\/p>\n<p>El secretario estatal expres\u00f3 su profundo orgullo de haber sido estudiante de una escuela telesecundaria, una experiencia que marc\u00f3 su vida y formaci\u00f3n acad\u00e9mica.<\/p>\n<p>Describi\u00f3 que la educaci\u00f3n recibida en la telesecundaria le brind\u00f3 conocimientos, valores y herramientas para enfrentar los desaf\u00edos de la vida. \u201cEstoy convencido de que seguir\u00e1 teniendo un impacto transformador en la vida de miles de j\u00f3venes mexiquenses\u201d, afirm\u00f3 Miguel \u00c1ngel Hern\u00e1ndez Espejel. Las escuelas telesecundarias del Estado de M\u00e9xico actualmente atienden a 59 mil 963 estudiantes, quienes son guiados por m\u00e1s de 3 mil 500 docentes comprometidos con su formaci\u00f3n integral.<\/p>\n","protected":false},"excerpt":{"rendered":"<p>El gobierno del Estado de M\u00e9xico que encabeza Delfina G\u00f3mez \u00c1lvarez, a trav\u00e9s de la Secretar\u00eda de Educaci\u00f3n, Ciencia, Tecnolog\u00eda e Innovaci\u00f3n (SECTI), fortalece las 711 Escuelas Telesecundarias que existen en la entidad, <\/p>\n","protected":false},"author":3,"featured_media":623579,"comment_status":"open","ping_status":"open","sticky":false,"template":"","format":"standard","meta":{"_monsterinsights_skip_tracking":false,"_monsterinsights_sitenote_active":false,"_monsterinsights_sitenote_note":"","_monsterinsights_sitenote_category":0,"footnotes":""},"categories":[5,99730],"tags":[57859,99172],"class_list":["post-623447","post","type-post","status-publish","format-standard","has-post-thumbnail","hentry","category-estado-de-mexico","category-edomex","tag-delfina-gomez-alvarez","tag-secti"],"_links":{"self":[{"href":"https:\/\/www.diarioimagen.net\/index.php?rest_route=\/wp\/v2\/posts\/623447","targetHints":{"allow":["GET"]}}],"collection":[{"href":"https:\/\/www.diarioimagen.net\/index.php?rest_route=\/wp\/v2\/posts"}],"about":[{"href":"https:\/\/www.diarioimagen.net\/index.php?rest_route=\/wp\/v2\/types\/post"}],"author":[{"embeddable":true,"href":"https:\/\/www.diarioimagen.net\/index.php?rest_route=\/wp\/v2\/users\/3"}],"replies":[{"embeddable":true,"href":"https:\/\/www.diarioimagen.net\/index.php?rest_route=%2Fwp%2Fv2%2Fcomments&post=623447"}],"version-history":[{"count":0,"href":"https:\/\/www.diarioimagen.net\/index.php?rest_route=\/wp\/v2\/posts\/623447\/revisions"}],"wp:featuredmedia":[{"embeddable":true,"href":"https:\/\/www.diarioimagen.net\/index.php?rest_route=\/wp\/v2\/media\/623579"}],"wp:attachment":[{"href":"https:\/\/www.diarioimagen.net\/index.php?rest_route=%2Fwp%2Fv2%2Fmedia&parent=623447"}],"wp:term":[{"taxonomy":"category","embeddable":true,"href":"https:\/\/www.diarioimagen.net\/index.php?rest_route=%2Fwp%2Fv2%2Fcategories&post=623447"},{"taxonomy":"post_tag","embeddable":true,"href":"https:\/\/www.diarioimagen.net\/index.php?rest_route=%2Fwp%2Fv2%2Ftags&post=623447"}],"curies":[{"name":"wp","href":"https:\/\/api.w.org\/{rel}","templated":true}]}}