{"id":623620,"date":"2024-06-24T00:04:50","date_gmt":"2024-06-24T06:04:50","guid":{"rendered":"https:\/\/www.diarioimagen.net\/?p=623620"},"modified":"2024-06-23T23:59:27","modified_gmt":"2024-06-24T05:59:27","slug":"otorgan-empleo-a-mas-de-mil-100-personas-en-atizapan","status":"publish","type":"post","link":"https:\/\/www.diarioimagen.net\/?p=623620","title":{"rendered":"Otorgan empleo a m\u00e1s de mil 100 personas en Atizap\u00e1n"},"content":{"rendered":"<p>&nbsp;<\/p>\n<ul>\n<li><strong><em>Participan 175 empresas en feria<\/em> <\/strong><\/li>\n<\/ul>\n<p>&nbsp;<\/p>\n<div id=\"attachment_623733\" style=\"width: 470px\" class=\"wp-caption aligncenter\"><a href=\"https:\/\/www.diarioimagen.net\/?attachment_id=623733\" rel=\"attachment wp-att-623733\"><img loading=\"lazy\" decoding=\"async\" aria-describedby=\"caption-attachment-623733\" class=\"size-full wp-image-623733\" src=\"https:\/\/www.diarioimagen.net\/wp-content\/uploads\/2024\/06\/otorgan-empleo.jpg\" alt=\"\" width=\"460\" height=\"270\" \/><\/a><p id=\"caption-attachment-623733\" class=\"wp-caption-text\">Marycarmen Reyes Orozco, Presidenta Municipal por ministerio de Ley de Atizap\u00e1n, se\u00f1al\u00f3 que la Quinta Feria del Empleo Presencial\u00a0 es un s\u00edmbolo de la uni\u00f3n entre el sector p\u00fablico, sector privado y la sociedad civil.<\/p><\/div>\n<p>&nbsp;<\/p>\n<p><strong>Atizap\u00e1n de Zaragoza, Estado de M\u00e9xico.\u2014<\/strong> M\u00e1s de mil 100 vacantes fueron ofrecidas en la Quinta Feria del Empleo Presencial 2024, organizada por la Direcci\u00f3n de Desarrollo Econ\u00f3mico de Atizap\u00e1n de Zaragoza en coordinaci\u00f3n con la Secretar\u00eda del Trabajo del gobierno del Estado de M\u00e9xico.<\/p>\n<p>Esta actividad se realiz\u00f3 en la explanada del Palacio Municipal, donde se congregaron buscadores de empleo y personal de unas 175 empresas con sede en el municipio, en la entidad mexiquense y con presencia nacional, ofertando vacantes en M\u00e9xico y en el extranjero.<\/p>\n<p>\u201cUstedes son el motor que impulsa el progreso de nuestro pueblo, y su b\u00fasqueda de un futuro digno es la base sobre la que construiremos una sociedad m\u00e1s justa y pr\u00f3spera.<\/p>\n<p>\u201cEsta Feria del Empleo no s\u00f3lo es un evento pasajero, es un s\u00edmbolo de la uni\u00f3n entre el sector p\u00fablico, sector privado y la sociedad civil en pro de un objetivo com\u00fan: generar oportunidades para todos\u201d, mencion\u00f3 Marycarmen Reyes Orozco, Presidenta Municipal por ministerio de Ley de Atizap\u00e1n de Zaragoza.<\/p>\n<p>En su intervenci\u00f3n, el Secretario del Trabajo estatal, Norberto Morales Poblete, resalt\u00f3 la estabilidad de los empleos, los cuales ofrec\u00edan sueldos de entre 7 mil y 40 mil pesos.<\/p>\n","protected":false},"excerpt":{"rendered":"<p>M\u00e1s de mil 100 vacantes fueron ofrecidas en la Quinta Feria del Empleo Presencial 2024, organizada por la Direcci\u00f3n de Desarrollo Econ\u00f3mico de Atizap\u00e1n de Zaragoza en coordinaci\u00f3n con la Secretar\u00eda del Trabajo del gobierno del Estado de M\u00e9xico.<\/p>\n","protected":false},"author":3,"featured_media":623733,"comment_status":"open","ping_status":"open","sticky":false,"template":"","format":"standard","meta":{"_monsterinsights_skip_tracking":false,"_monsterinsights_sitenote_active":false,"_monsterinsights_sitenote_note":"","_monsterinsights_sitenote_category":0,"footnotes":""},"categories":[5],"tags":[3561,481,43675,100158],"class_list":["post-623620","post","type-post","status-publish","format-standard","has-post-thumbnail","hentry","category-estado-de-mexico","tag-atizapan-de-zaragoza","tag-empleo","tag-estado-de-mexico","tag-otorgan"],"_links":{"self":[{"href":"https:\/\/www.diarioimagen.net\/index.php?rest_route=\/wp\/v2\/posts\/623620","targetHints":{"allow":["GET"]}}],"collection":[{"href":"https:\/\/www.diarioimagen.net\/index.php?rest_route=\/wp\/v2\/posts"}],"about":[{"href":"https:\/\/www.diarioimagen.net\/index.php?rest_route=\/wp\/v2\/types\/post"}],"author":[{"embeddable":true,"href":"https:\/\/www.diarioimagen.net\/index.php?rest_route=\/wp\/v2\/users\/3"}],"replies":[{"embeddable":true,"href":"https:\/\/www.diarioimagen.net\/index.php?rest_route=%2Fwp%2Fv2%2Fcomments&post=623620"}],"version-history":[{"count":0,"href":"https:\/\/www.diarioimagen.net\/index.php?rest_route=\/wp\/v2\/posts\/623620\/revisions"}],"wp:featuredmedia":[{"embeddable":true,"href":"https:\/\/www.diarioimagen.net\/index.php?rest_route=\/wp\/v2\/media\/623733"}],"wp:attachment":[{"href":"https:\/\/www.diarioimagen.net\/index.php?rest_route=%2Fwp%2Fv2%2Fmedia&parent=623620"}],"wp:term":[{"taxonomy":"category","embeddable":true,"href":"https:\/\/www.diarioimagen.net\/index.php?rest_route=%2Fwp%2Fv2%2Fcategories&post=623620"},{"taxonomy":"post_tag","embeddable":true,"href":"https:\/\/www.diarioimagen.net\/index.php?rest_route=%2Fwp%2Fv2%2Ftags&post=623620"}],"curies":[{"name":"wp","href":"https:\/\/api.w.org\/{rel}","templated":true}]}}