{"id":623624,"date":"2024-06-24T00:05:45","date_gmt":"2024-06-24T06:05:45","guid":{"rendered":"https:\/\/www.diarioimagen.net\/?p=623624"},"modified":"2024-06-24T23:49:26","modified_gmt":"2024-06-25T05:49:26","slug":"fomento-a-la-lactancia-materna-y-donacion-de-leche-humana","status":"publish","type":"post","link":"https:\/\/www.diarioimagen.net\/?p=623624","title":{"rendered":"Fomento a la lactancia materna y donaci\u00f3n de leche humana"},"content":{"rendered":"<p>&nbsp;<\/p>\n<ul>\n<li><strong><em>Beneficio a m\u00e1s de 4 mil lactantes, en el \u00faltimo a\u00f1o<\/em> <\/strong><\/li>\n<\/ul>\n<p><strong>\u00a0<\/strong><\/p>\n<div id=\"attachment_623725\" style=\"width: 470px\" class=\"wp-caption aligncenter\"><a href=\"https:\/\/www.diarioimagen.net\/?attachment_id=623725\" rel=\"attachment wp-att-623725\"><img loading=\"lazy\" decoding=\"async\" aria-describedby=\"caption-attachment-623725\" class=\"size-full wp-image-623725\" src=\"https:\/\/www.diarioimagen.net\/wp-content\/uploads\/2024\/06\/fomento-lactancia.jpg\" alt=\"\" width=\"460\" height=\"270\" \/><\/a><p id=\"caption-attachment-623725\" class=\"wp-caption-text\">Se realiz\u00f3 el Primer Simposio Estatal en conmemoraci\u00f3n del D\u00eda Mundial de la Donaci\u00f3n de Leche Humana.<\/p><\/div>\n<p>&nbsp;<\/p>\n<p><strong>Toluca, Estado de M\u00e9xico.\u2014<\/strong> Como parte del fortalecimiento al sistema de salud y de la estrategia para alcanzar los Objetivos de Desarrollo Sostenible, en el Estado de M\u00e9xico se trabajan acciones a favor del sano desarrollo de ni\u00f1as y ni\u00f1os, como el fomento y promoci\u00f3n de la lactancia materna y donaci\u00f3n de leche humana.<\/p>\n<p>En el Primer Simposio Estatal en Conmemoraci\u00f3n del D\u00eda Mundial de la Donaci\u00f3n de Leche Humana, la Secretaria de Salud, Macarena Montoya Olvera destac\u00f3 que en el \u00faltimo a\u00f1o, las campa\u00f1as en este tema han beneficiado a m\u00e1s de 4 mil lactantes en la entidad, por lo que hizo un reconocimiento a las mujeres que comparten ese amor tan grande con otras madres y sus familias.<\/p>\n<p>Precis\u00f3 que para atender la instrucci\u00f3n de la Gobernadora Delfina G\u00f3mez \u00c1lvarez, de garantizar el derecho a la lactancia materna, se han implementado acciones para que se sumen m\u00e1s personas en las tareas de promoci\u00f3n de donaci\u00f3n y as\u00ed garantizar una vida plena y saludable a la poblaci\u00f3n infantil.<\/p>\n<p>Por su parte, el Secretario General de la Comisi\u00f3n de Derechos Humanos del Estado de M\u00e9xico (CODHEM), Jes\u00fas Ponce Rubio destac\u00f3 que la lactancia materna es una importante herramienta para reducir la mortalidad infantil, adem\u00e1s disminuye los costos de atenci\u00f3n a la salud, por lo que en la entidad se han dado avances importantes y se mantiene la labor constante de educaci\u00f3n y toma de conciencia para que cada vez m\u00e1s mujeres alimenten a sus hijos al seno materno y, en la medida de lo posible, donen ese producto esencial.<\/p>\n<p>Cabe destacar que, durante el simposio se dictaron conferencias por parte de especialistas en la materia en temas como \u201cLactancia materna como un derecho humano\u201d, \u201cC\u00f3digo internacional de la comercializaci\u00f3n de suced\u00e1neos de la leche materna, cambio clim\u00e1tico y la nueva normalidad\u201d y \u201cEstrategias para incrementar la cultura de donaci\u00f3n de leche humana\u201d, entre otras.<\/p>\n","protected":false},"excerpt":{"rendered":"<p>Como parte del fortalecimiento al sistema de salud y de la estrategia para alcanzar los Objetivos de Desarrollo Sostenible, en el Estado de M\u00e9xico se trabajan acciones a favor del sano desarrollo de ni\u00f1as y ni\u00f1os, como el fomento y promoci\u00f3n de la lactancia materna y donaci\u00f3n de leche humana.<\/p>\n","protected":false},"author":3,"featured_media":623725,"comment_status":"open","ping_status":"open","sticky":false,"template":"","format":"standard","meta":{"_monsterinsights_skip_tracking":false,"_monsterinsights_sitenote_active":false,"_monsterinsights_sitenote_note":"","_monsterinsights_sitenote_category":0,"footnotes":""},"categories":[18863,99730],"tags":[19019,41058,100159],"class_list":["post-623624","post","type-post","status-publish","format-standard","has-post-thumbnail","hentry","category-salud-edomex","category-edomex","tag-donacion","tag-fomento","tag-leche-humana"],"_links":{"self":[{"href":"https:\/\/www.diarioimagen.net\/index.php?rest_route=\/wp\/v2\/posts\/623624","targetHints":{"allow":["GET"]}}],"collection":[{"href":"https:\/\/www.diarioimagen.net\/index.php?rest_route=\/wp\/v2\/posts"}],"about":[{"href":"https:\/\/www.diarioimagen.net\/index.php?rest_route=\/wp\/v2\/types\/post"}],"author":[{"embeddable":true,"href":"https:\/\/www.diarioimagen.net\/index.php?rest_route=\/wp\/v2\/users\/3"}],"replies":[{"embeddable":true,"href":"https:\/\/www.diarioimagen.net\/index.php?rest_route=%2Fwp%2Fv2%2Fcomments&post=623624"}],"version-history":[{"count":0,"href":"https:\/\/www.diarioimagen.net\/index.php?rest_route=\/wp\/v2\/posts\/623624\/revisions"}],"wp:featuredmedia":[{"embeddable":true,"href":"https:\/\/www.diarioimagen.net\/index.php?rest_route=\/wp\/v2\/media\/623725"}],"wp:attachment":[{"href":"https:\/\/www.diarioimagen.net\/index.php?rest_route=%2Fwp%2Fv2%2Fmedia&parent=623624"}],"wp:term":[{"taxonomy":"category","embeddable":true,"href":"https:\/\/www.diarioimagen.net\/index.php?rest_route=%2Fwp%2Fv2%2Fcategories&post=623624"},{"taxonomy":"post_tag","embeddable":true,"href":"https:\/\/www.diarioimagen.net\/index.php?rest_route=%2Fwp%2Fv2%2Ftags&post=623624"}],"curies":[{"name":"wp","href":"https:\/\/api.w.org\/{rel}","templated":true}]}}