{"id":623661,"date":"2024-06-24T00:00:37","date_gmt":"2024-06-24T06:00:37","guid":{"rendered":"https:\/\/www.diarioimagen.net\/?p=623661"},"modified":"2024-06-23T22:58:28","modified_gmt":"2024-06-24T04:58:28","slug":"quintana-roo-encabeza-la-lista-de-llegada-de-pasajeros-en-cruceros","status":"publish","type":"post","link":"https:\/\/www.diarioimagen.net\/?p=623661","title":{"rendered":"Quintana Roo encabeza la lista de llegada de pasajeros en cruceros"},"content":{"rendered":"<h2>Hora 14<\/h2>\n<h5>Mauricio Conde Olivares<\/h5>\n<p>&nbsp;<\/p>\n<p>El secretario de Turismo del Gobierno de M\u00e9xico, Miguel Torruco Marqu\u00e9s, dio a conocer con datos del INEGI y de la Secretar\u00eda de Marina que en el primer cuatrimestre de 2024 arribaron a los diferentes puertos de nuestro pa\u00eds 3 millones 885 mil pasajeros en cruceros, lo que representa un incremento de 2.2% respecto al mismo periodo del a\u00f1o pasado, adem\u00e1s, se registr\u00f3 la llegada de un mil 200 cruceros.<\/p>\n<p>Tambi\u00e9n, mencion\u00f3 que, del 2019 al primer trimestre de 2024, el monto de inversi\u00f3n en infraestructura tur\u00edstica, entre p\u00fablica y privada, alcanz\u00f3 los 44 mil millones de d\u00f3lares, correspondiendo poco m\u00e1s de 12 mil millones de d\u00f3lares a Inversi\u00f3n Extranjera Directa Tur\u00edstica.<\/p>\n<p>Subray\u00f3 los resultados del buen estado de la actividad tur\u00edstica de M\u00e9xico, en donde de enero a abril de 2024 llegaron 14.7 millones de turistas internacionales, esto es 6.4% m\u00e1s respecto al mismo periodo de 2023; ingresaron 12 mil 510 millones de d\u00f3lares por visitantes internacionales, 8.2% m\u00e1s que en el mismo lapso del a\u00f1o anterior; y el gasto medio por turistas de internaci\u00f3n v\u00eda a\u00e9rea fue de mil 238 d\u00f3lares, significando un 2.4% m\u00e1s de lo registrado en el periodo enero-abril del 2023.<\/p>\n<p>El titular de la Secretar\u00eda de Turismo (Sectur) inform\u00f3 respecto a la llegada de excursionistas en cruceros a M\u00e9xico, durante los primeros cuatro meses del a\u00f1o, que represent\u00f3 un ingreso en divisas de 325.8 millones de d\u00f3lares, esto es 6.2% m\u00e1s comparado con el primer cuatrimestre de 2023.<\/p>\n<p>Indic\u00f3 que, en el primer cuatrimestre del a\u00f1o, el gasto promedio de excursionistas en cruceros fue de 83.9 d\u00f3lares, superando en 3.9% a lo registrado en el mismo periodo de 2023, que fue de 80.7 d\u00f3lares.<\/p>\n<p>Los puertos que recibieron mayor n\u00famero de pasajeros en crucero en M\u00e9xico de enero a abril de este a\u00f1o fueron: Cozumel y Mahahual, en Quintana Roo; Ensenada, Baja California; Cabo San Lucas, Baja California Sur; y Puerto Vallarta, Jalisco; los cuales representaron el 90% del total de pasajeros.<\/p>\n<p>En los primeros cuatro meses de 2024, Cozumel, Quintana Roo, registr\u00f3 520 arribos, y un mill\u00f3n 818 mil 838 pasajeros; lo que representa un incremento de 14.2% m\u00e1s pasajeros y 5.5% m\u00e1s embarcaciones con respecto al a\u00f1o pasado.<\/p>\n<p>Mahahual, Quintana Roo, report\u00f3 207 llegadas, con 844 mil 87 cruceristas, esto significa 15.6% m\u00e1s embarcaciones, y representa 35.6% m\u00e1s pasajeros que en el primer cuatrimestre de 2023.<\/p>\n<p>De enero a abril de 2024, Ensenada, Baja California, registr\u00f3 el arribo de 93 cruceros, en los cuales llegaron 281 mil 7 pasajeros; mientras que, a Cabo San Lucas, Baja California Sur, arribaron 83 embarcaciones con un total de 257 mil 69 pasajeros.<\/p>\n<p>En el primer cuatrimestre del a\u00f1o a Puerto Vallarta, Jalisco, llegaron 78 cruceros y 238 mil 471 pasajeros.<\/p>\n<p>Torruco Marqu\u00e9s enfatiz\u00f3 el incremento no solamente en n\u00famero de cruceristas, sino tambi\u00e9n en las divisas captadas y en el gasto medio de los excursionistas en crucero que llegan a los puertos de M\u00e9xico, ya que es as\u00ed como se mide la potencialidad tur\u00edstica de una naci\u00f3n, lo que se traduce en beneficio de la poblaci\u00f3n local, en cumplimiento de la instrucci\u00f3n del presidente Andr\u00e9s Manuel L\u00f3pez Obrador, de hacer del turismo una herramienta de reconciliaci\u00f3n social.<\/p>\n<p>Tambi\u00e9n, le comento que en el principal destino tur\u00edstico de M\u00e9xico y de Am\u00e9rica Latina, Canc\u00fan, con un alcance de m\u00e1s de 15 mil 500 estudiantes, concluy\u00f3 la primera jornada del programa \u201cAcelera tu conciencia de 0 a 100\u201d, que tiene como objetivo prevenir las adicciones en la juventud cancunense, afirm\u00f3 el Encargado de Despacho de la Presidencia Municipal de Benito Ju\u00e1rez, Pablo Guti\u00e9rrez Fern\u00e1ndez.<\/p>\n<p>Dicha acci\u00f3n, explic\u00f3, se realiz\u00f3 a trav\u00e9s del Instituto Municipal de la Juventud (IMJUVE) y el Instituto Municipal Contra las Adicciones (IMCA), trabajando directamente con las infancias y juventudes, en busca de un acercamiento firme y permanente para que conozcan la importancia de los riesgos de las adicciones, sus causas y efectos.<\/p>\n<p>Durante los dos meses y medio que dur\u00f3 esta jornada, las autoridades municipales visitaron 40 instituciones educativas e impartieron 66 sesiones de realidad virtual con temas de prevenci\u00f3n de adicciones, violencia y salud emocional.<\/p>\n<p>Durante estas visitas en las escuelas, no solo se ofreci\u00f3 una experiencia inmersiva con lentes de realidad virtual, sino que tambi\u00e9n se brind\u00f3 atenci\u00f3n psicol\u00f3gica gratuita a las y los j\u00f3venes cancunenses que lo requer\u00edan.<\/p>\n<p>Es importante destacar que con estas acciones se les proporciona a las y los estudiantes el conocimiento necesario para ser m\u00e1s conscientes y saber c\u00f3mo actuar ante las diversas situaciones que ponen en riesgo su salud y bienestar. Adem\u00e1s, contribuye a que conozcan las instituciones, as\u00ed como a las personas que est\u00e1n dispuestas a ayudarlos en todo momento.<\/p>\n<p>Tambi\u00e9n en Canc\u00fan, pero en su zona fundacional, el pueblo originario de pescadores en Puerto Ju\u00e1rez, luego de que el Encargado de Despacho de la Presidencia Municipal de Benito Ju\u00e1rez, Pablo Guti\u00e9rrez Fern\u00e1ndez, y dem\u00e1s autoridades locales entregaran apoyos alimentarios a 292 integrantes de las diversas Cooperativas de Pescadores de Puerto Ju\u00e1rez, debido a que por el mal clima no pueden realizar sus actividades econ\u00f3micas, los mismos agradecieron la atenci\u00f3n por parte de los diferentes niveles de gobierno, por empatizar y solidarizarse con su situaci\u00f3n.<\/p>\n<p>En ese sentido, Tiburcio Buenfil Bat\u00fan, pescador con m\u00e1s de 36 a\u00f1os realizando el oficio en Puerto Ju\u00e1rez, aclar\u00f3 que para su gremio, la temporada de lluvias significa dejar de trabajar y de llevar el sustento a casa, por lo que mencion\u00f3 que \u201cesta ayuda se siente como un oasis en el desierto; todos los compa\u00f1eros estamos congregados para recibir el apoyo que s\u00ed va a ayudar much\u00edsimo a la familia\u201d, declar\u00f3.<\/p>\n<p>A su vez, la ciudadana Beatriz Maldonado Chan, cocinera de una de las Cooperativas de la zona, afirm\u00f3 que cada a\u00f1o el mal clima afecta su trabajo al no tener clientes ni alguna otra forma de ingreso econ\u00f3mico, agradeciendo que, por primera vez en sus 23 a\u00f1os laborando, se hayan tomado en cuenta a los trabajadores de Puerto Ju\u00e1rez para la entrega de estos apoyos.<\/p>\n<p>\u201cAgradecemos mucho estas despensas porque no es solamente para nosotros, es para nuestras mam\u00e1s, sobrinos, hijos, que viven y dependen de nosotros\u201d, se\u00f1al\u00f3 Susana Tamayo, marinera de la Sociedad Cooperativa, quien extendi\u00f3 una invitaci\u00f3n a la ciudadan\u00eda para acudir a consumir local, reactivar Puerto Ju\u00e1rez y disfrutar de la gastronom\u00eda cancunense.<\/p>\n<p>Cabe destacar que el apoyo se entreg\u00f3 mediante el \u201cPrograma de asistencia social alimentaria a personas de atenci\u00f3n prioritaria\u201d, a cargo del Sistema DIF Nacional, y coordinado en Canc\u00fan mediante el Sistema DIF Benito Ju\u00e1rez.<\/p>\n<p>Por otra parte, le informo que la Secretar\u00eda de Infraestructura, Comunicaciones y Transportes (SICT), a trav\u00e9s de la Agencia Espacial Mexicana (AEM), estrechar\u00e1 colaboraci\u00f3n espacial M\u00e9xico-Brasil, a trav\u00e9s de una agenda de beneficio para ambos pa\u00edses y la regi\u00f3n latinoamericana.<\/p>\n<p>En ese sentido, representantes de la Agencia Espacial Brasile\u00f1a (AEB) y la Agencia Brasile\u00f1a de Cooperaci\u00f3n (ABC) del Ministerio de Relaciones Exteriores (MRE), visitaron la AEM en el marco de la \u201cVIII Reuni\u00f3n del Grupo de Trabajo de Cooperaci\u00f3n T\u00e9cnica M\u00e9xico-Brasil\u201d.<\/p>\n<p>Al respecto, el director general de la AEM, Salvador Landeros Ayala, expres\u00f3 que \u201ccomienza un gran salto para Latinoam\u00e9rica\u201d, tras la reuni\u00f3n con la delegaci\u00f3n brasile\u00f1a, dado \u201cque permitir\u00e1 sumar esfuerzos, compartir experiencias, explorar proyectos, y fortalecer nuestra relaci\u00f3n en el tema espacial\u201d, subray\u00f3.<\/p>\n<p>Marcia Alvarenga dos Santos, jefa de la Oficina de Cooperaci\u00f3n Internacional AEB, agradeci\u00f3 el c\u00e1lido recibimiento: \u201ctendremos mucha sinergia para desarrollar capital humano, aplicaciones de observaci\u00f3n de la Tierra, clima espacial, y vincular a nuestras industrias\u201d, dijo.<\/p>\n<p>En sesiones de trabajo alternadas, tanto en la AEM como en la Secretar\u00eda de Relaciones Exteriores (SRE), se desarrollaron y aprobaron proyectos en \u00e1reas clave como agricultura, respuesta a emergencias, igualdad de g\u00e9nero, inclusi\u00f3n digital, e ingenier\u00eda espacial.<\/p>\n<p>Se acord\u00f3 desarrollar una iniciativa M\u00e9xico-Brasil en el marco de los \u201cAcuerdos Artemis\u201d (ambas naciones forman parte de los 42 pa\u00edses signatarios) a fin de cooperar para establecer una presencia humana permanente en la Luna.<\/p>\n<p>Los proyectos se financiar\u00e1n por la ABC y la Agencia Mexicana de Cooperaci\u00f3n Internacional para el Desarrollo (AMEXCID) de la SRE, cuya representante, Wendy Zea, destac\u00f3 que esto abrir\u00e1 posibilidades para el ingenio de ambos pa\u00edses, en la vanguardia de la exploraci\u00f3n espacial.<\/p>\n<p>En la \u201cSpace Economy Leaders Meeting\u201d, con los jefes de las agencias espaciales del G-20 (cuya reuni\u00f3n 2024 ser\u00e1 en Brasil) ambas naciones tambi\u00e9n colaborar\u00e1n para concientizar sobre el uso pac\u00edfico del espacio, y los beneficios de la econom\u00eda espacial para la humanidad, empero, lo anterior ser\u00e1 motivo de otro an\u00e1lisis en posterior entrega de <strong><em>HORA 14<\/em><\/strong>.<\/p>\n<p><em><a href=\"mailto:%20mauricio_conde@msn.com\" target=\"_blank\" rel=\"noopener noreferrer\">mauricioconde59@outlook.com<\/a><\/em><br \/>\n<em>X: <a href=\"https:\/\/twitter.com\/mauconde?lang=es\" target=\"_blank\" rel=\"noopener\">@mauconde<\/a><\/em><\/p>\n","protected":false},"excerpt":{"rendered":"<p><span style=\"color: #005497;\"><strong>Mauricio Conde Olivares<\/strong><\/span><\/p>\n","protected":false},"author":3,"featured_media":0,"comment_status":"open","ping_status":"open","sticky":false,"template":"","format":"standard","meta":{"_monsterinsights_skip_tracking":false,"_monsterinsights_sitenote_active":false,"_monsterinsights_sitenote_note":"","_monsterinsights_sitenote_category":0,"footnotes":""},"categories":[35889],"tags":[43712,43674,44860],"class_list":["post-623661","post","type-post","status-publish","format-standard","hentry","category-mauricio-conde-olivares","tag-mauricio-conde-olivares","tag-opinion","tag-hora-14"],"_links":{"self":[{"href":"https:\/\/www.diarioimagen.net\/index.php?rest_route=\/wp\/v2\/posts\/623661","targetHints":{"allow":["GET"]}}],"collection":[{"href":"https:\/\/www.diarioimagen.net\/index.php?rest_route=\/wp\/v2\/posts"}],"about":[{"href":"https:\/\/www.diarioimagen.net\/index.php?rest_route=\/wp\/v2\/types\/post"}],"author":[{"embeddable":true,"href":"https:\/\/www.diarioimagen.net\/index.php?rest_route=\/wp\/v2\/users\/3"}],"replies":[{"embeddable":true,"href":"https:\/\/www.diarioimagen.net\/index.php?rest_route=%2Fwp%2Fv2%2Fcomments&post=623661"}],"version-history":[{"count":0,"href":"https:\/\/www.diarioimagen.net\/index.php?rest_route=\/wp\/v2\/posts\/623661\/revisions"}],"wp:attachment":[{"href":"https:\/\/www.diarioimagen.net\/index.php?rest_route=%2Fwp%2Fv2%2Fmedia&parent=623661"}],"wp:term":[{"taxonomy":"category","embeddable":true,"href":"https:\/\/www.diarioimagen.net\/index.php?rest_route=%2Fwp%2Fv2%2Fcategories&post=623661"},{"taxonomy":"post_tag","embeddable":true,"href":"https:\/\/www.diarioimagen.net\/index.php?rest_route=%2Fwp%2Fv2%2Ftags&post=623661"}],"curies":[{"name":"wp","href":"https:\/\/api.w.org\/{rel}","templated":true}]}}