{"id":623666,"date":"2024-06-24T00:05:11","date_gmt":"2024-06-24T06:05:11","guid":{"rendered":"https:\/\/www.diarioimagen.net\/?p=623666"},"modified":"2024-06-23T23:16:37","modified_gmt":"2024-06-24T05:16:37","slug":"como-el-tio-lolo","status":"publish","type":"post","link":"https:\/\/www.diarioimagen.net\/?p=623666","title":{"rendered":"Como el T\u00edo Lolo"},"content":{"rendered":"<h2>Perfil de M\u00e9xico<\/h2>\n<h5>Armando R\u00edos Ruiz<\/h5>\n<p>&nbsp;<\/p>\n<p>El Presidente, o realmente se la cree o hace como el T\u00edo Lolo. Acaba de decir en Oaxaca, a donde asisti\u00f3 junto con la Presidente electa, que se rompi\u00f3 el mito de que el pueblo es manipulable. Lo \u00fanico que hemos visto durante el tiempo que lleva frente al tim\u00f3n de este barco, es una manipulaci\u00f3n continua. Sin descanso. Insistente y sin precedente.<\/p>\n<p>Su conferencia ma\u00f1anera le ha servido para muchas cosas, la mayor\u00eda negativas: para denostar a sus adversarios. Para lanzar ataques a los periodistas inc\u00f3modos y a todos los que no se han escondido para exhibir sus desacuerdos con \u00e9l. Para hacer la campa\u00f1a m\u00e1s costosa en la historia de M\u00e9xico en favor de su candidata y desde luego, para manipular a su antojo.<\/p>\n<p>La poblaci\u00f3n es sensiblemente vulnerable, principalmente por su condici\u00f3n de desamparo y por ello resulta perceptiblemente manipulable. La d\u00e1diva bimestral en efectivo ha venido a convertirse en el eje rector del convencimiento a su favor y para sus caprichos, a tal grado que, en los lugares de mucha pobreza, la gente lo defiende a capa y espada, con el dicho: \u201ca mi ning\u00fan Presidente me hab\u00eda dado nada\u201d. Existen comunidades, me consta, en las que muchos, principalmente los viejos olvidados de sus propias familias, lo consideran un santo.<\/p>\n<p>Y en estas condiciones tienen raz\u00f3n, porque ahora ven en sus manos reflejado ese sue\u00f1o ancestral de recibir ayuda directa del gobierno, que se traduce en voto seguro por agradecimiento.<\/p>\n<p>Pero el mito no se ha roto. M\u00e1s bien se acrecent\u00f3 este sexenio, con el manoseo de conciencias que ha alcanzado a infinidad de personas, porque la ayuda produce tambi\u00e9n esos efectos nocivos. Hoy no hay registro de que lo que ocurr\u00eda en el pasado tan vituperado, vuelve a repetirse y est\u00e1 a punto de eternizarse con los nuevos due\u00f1os absolutos del pa\u00eds y con una dosis de veneno m\u00e1s grande que la que se inyectaba antes.<\/p>\n<p>A pesar de todo lo criticable que fueron los tiempos idos, por muchas razones, siempre existi\u00f3 el prop\u00f3sito de respeto a los poderes del Estado y cuando fue necesario definir, principalmente el del Judicial, se llev\u00f3 a cabo sin condiciones y sin pretextos del mandatario en turno, que fue quien present\u00f3 esa necesidad superior, para evitar abusos posteriores.<\/p>\n<p>Ese triunfo de la democracia est\u00e1 a punto de ser revertido con la flamante idea de seleccionar a jueces, magistrados y ministros de la Suprema Corte, con el voto popular o con la decisi\u00f3n del \u00fanico pueblo que existe en la cabeza del Presidente, para tomar cualquier resoluci\u00f3n, m\u00e1s mala que buena, sin necesidad de sujetarla al escrutinio de las autoridades correspondientes.<\/p>\n<p>Porque para eso se busca ahora con tanta insistencia, la nueva forma de designar a quienes forman parte de ese organismo. Como est\u00e1 hoy, no le sirve al mandam\u00e1s. En este momento le es imposible ordenar decisiones descabelladas y visiblemente fuera de la ley. Es necesario acabar con este sistema y suplirlo por otro que no le ofrezca ninguna dificultad. Uno al que s\u00f3lo habr\u00e1 que ordenarle para obtener el resultado requerido para la imposici\u00f3n de caprichos.<\/p>\n<p>Dijo en Oaxaca que \u201cya no van a regresar los que se sent\u00edan due\u00f1os de M\u00e9xico\u201d y es absolutamente cierto. Ya no van a regresar porque ya est\u00e1n aqu\u00ed. Y no se trata de gente nueva o diferente a la del pasado. Es la misma. Lo \u00fanico que cambi\u00f3 es el partido al que ahora pertenecen, pero con las mismas ma\u00f1as.<\/p>\n<p>Todos los priistas, hoy m\u00e1s papistas que el papa, continuar\u00e1n, como siempre, pegados a la ubre. A\u00fan falta saber a d\u00f3nde parar\u00e1n los que apenas dejaron de ser gobernadores y se incorporaron de inmediato a Morena, que los acogi\u00f3 con benepl\u00e1cito.<\/p>\n<p>Acaba de nacer pues, el nuevo PRI con otro nombre y con tintes de gobernanza peores, que amenaza con aires autoritarios y autocr\u00e1ticos y si no, al tiempo. Pero esto es lo que quieren nuestros paisanos. Acaban de vender la conciencia para arruinar el futuro de sus descendientes.<\/p>\n<p><a href=\"mailto:ariosruiz@gmail.com\" target=\"_blank\" rel=\"noopener noreferrer\"><em>ariosruiz@gmail.com<\/em><\/a><\/p>\n","protected":false},"excerpt":{"rendered":"<p><span style=\"color: #005497;\"><strong>Armando R\u00edos Ruiz<\/strong><\/span><\/p>\n","protected":false},"author":3,"featured_media":0,"comment_status":"open","ping_status":"open","sticky":false,"template":"","format":"standard","meta":{"_monsterinsights_skip_tracking":false,"_monsterinsights_sitenote_active":false,"_monsterinsights_sitenote_note":"","_monsterinsights_sitenote_category":0,"footnotes":""},"categories":[88405],"tags":[88407,43674,91193],"class_list":["post-623666","post","type-post","status-publish","format-standard","hentry","category-armando-rios-ruiz","tag-armando-rios-ruiz","tag-opinion","tag-perfil-de-mexico"],"_links":{"self":[{"href":"https:\/\/www.diarioimagen.net\/index.php?rest_route=\/wp\/v2\/posts\/623666","targetHints":{"allow":["GET"]}}],"collection":[{"href":"https:\/\/www.diarioimagen.net\/index.php?rest_route=\/wp\/v2\/posts"}],"about":[{"href":"https:\/\/www.diarioimagen.net\/index.php?rest_route=\/wp\/v2\/types\/post"}],"author":[{"embeddable":true,"href":"https:\/\/www.diarioimagen.net\/index.php?rest_route=\/wp\/v2\/users\/3"}],"replies":[{"embeddable":true,"href":"https:\/\/www.diarioimagen.net\/index.php?rest_route=%2Fwp%2Fv2%2Fcomments&post=623666"}],"version-history":[{"count":0,"href":"https:\/\/www.diarioimagen.net\/index.php?rest_route=\/wp\/v2\/posts\/623666\/revisions"}],"wp:attachment":[{"href":"https:\/\/www.diarioimagen.net\/index.php?rest_route=%2Fwp%2Fv2%2Fmedia&parent=623666"}],"wp:term":[{"taxonomy":"category","embeddable":true,"href":"https:\/\/www.diarioimagen.net\/index.php?rest_route=%2Fwp%2Fv2%2Fcategories&post=623666"},{"taxonomy":"post_tag","embeddable":true,"href":"https:\/\/www.diarioimagen.net\/index.php?rest_route=%2Fwp%2Fv2%2Ftags&post=623666"}],"curies":[{"name":"wp","href":"https:\/\/api.w.org\/{rel}","templated":true}]}}