{"id":623810,"date":"2024-06-25T00:01:41","date_gmt":"2024-06-25T06:01:41","guid":{"rendered":"https:\/\/www.diarioimagen.net\/?p=623810"},"modified":"2024-06-26T23:37:25","modified_gmt":"2024-06-27T05:37:25","slug":"inflacion-no-da-tregua-y-se-ubica-en-4-78-en-primera-quincena-de-junio","status":"publish","type":"post","link":"https:\/\/www.diarioimagen.net\/?p=623810","title":{"rendered":"Inflaci\u00f3n no da tregua y se ubica en\u00a04.78 por ciento en primera quincena de junio"},"content":{"rendered":"<p>&nbsp;<\/p>\n<ul>\n<li><em><strong>Contin\u00faa fuera del rango objetivo de Banxico<\/strong><\/em><\/li>\n<\/ul>\n<p>&nbsp;<\/p>\n<div id=\"attachment_623877\" style=\"width: 470px\" class=\"wp-caption aligncenter\"><a href=\"https:\/\/www.diarioimagen.net\/?attachment_id=623877\" rel=\"attachment wp-att-623877\"><img loading=\"lazy\" decoding=\"async\" aria-describedby=\"caption-attachment-623877\" class=\"size-full wp-image-623877\" src=\"https:\/\/www.diarioimagen.net\/wp-content\/uploads\/2024\/06\/inflacion.jpg\" alt=\"\" width=\"460\" height=\"270\" \/><\/a><p id=\"caption-attachment-623877\" class=\"wp-caption-text\">La inflaci\u00f3n general continu\u00f3 sin dar tregua en la primera mitad de junio, en donde nuevamente se aceler\u00f3 debido al incremento de precios agropecuarios y por la temporada de verano, de acuerdo con datos del Inegi.<\/p><\/div>\n<p>&nbsp;<\/p>\n<p>El \u00cdndice Nacional de Precios al Consumidor (INPC) present\u00f3 un incremento de 0.21%, en la primera quincena de junio y con este resultado, la inflaci\u00f3n general anual se ubic\u00f3 en 4.78 por ciento, superior a la cifra de la quincena anterior, cuando fue de 4.59%, de acuerdo con la informaci\u00f3n publicada por el Instituto Nacional de Estad\u00edstica y Geograf\u00eda (Inegi).<\/p>\n<p>Los productos y servicios que registraron aumentos de precios y tuvieron mayor incidencia en la inflaci\u00f3n quincenal fueron: chayote, naranja, pl\u00e1tanos, otras verduras y legumbres, lechuga y col, aguacate, vivienda propia, servicios tur\u00edsticos en paquete, transporte a\u00e9reo y calabacita, debido al incremento de precios agropecuarios y por la temporada de verano.<\/p>\n<p>No obstante, otros productos como el jitomate tuvieron una baja inferencia, con una ca\u00edda de 11.83 por ciento; chile serrano, 18.45 por ciento; uva, 22.44 por ciento; entre otros.<\/p>\n<p>As\u00ed, la inflaci\u00f3n a los consumidores continuar\u00eda fuera del rango objetivo del Banco de M\u00e9xico (Banxico) de 3% +\/-1 punto porcentual. Ante el comportamiento de la inflaci\u00f3n, analistas esperan que el banco central mantenga su tasa en 11% esta semana en su reuni\u00f3n de pol\u00edtica monetaria.<\/p>\n<p>Si bien el consenso del mercado esperaba este repunte en la primera mitad de junio, el dato sorprendi\u00f3 negativamente, pues se esperaba una inflaci\u00f3n de 4.71 por ciento anual, de acuerdo con la encuesta de Citibanamex.<\/p>\n<p>Adem\u00e1s, la inflaci\u00f3n subyacente se aceler\u00f3 a 4.17 por ciento anual en la primera quincena de junio, con lo que interrumpi\u00f3 una racha de cinco quincenas moder\u00e1ndose, situaci\u00f3n que tambi\u00e9n ya estaba prevista y que result\u00f3 ligeramente mejor al 4.18 por ciento estimado por el mercado.<\/p>\n<p>En el caso de la inflaci\u00f3n no subyacente y que ha provocado la resistencia de la inflaci\u00f3n en meses recientes, el Inegi indic\u00f3 que se aceler\u00f3 a 6.73 por ciento anual en la primera quincena de junio, desde el 6.10 por ciento de la 2 quincena de mayo.<\/p>\n<p>La variaci\u00f3n quincenal del \u00cdndice Nacional de Precios al Consumidor (INPC) fue de 0.21 por ciento, mayor al 0.14 por ciento previsto. La subyacente avanz\u00f3 0.17 por ciento, ligeramente por debajo del 0.18 por ciento proyectado.<\/p>\n<p>Deutsche Bank explic\u00f3 previamente que se espera un repunte inflacionario en verano que probablemente har\u00e1 que la inflaci\u00f3n general aumente lentamente hasta el 4.8 o 4.9 por ciento anual en los pr\u00f3ximos dos meses.<\/p>\n<p>Prev\u00e9n que la inflaci\u00f3n general cierre en 4.5 por ciento anual y la subyacente en 4.3 por ciento anual, indic\u00f3 en una nota de an\u00e1lisis.<\/p>\n<p>\u201cLa din\u00e1mica de la inflaci\u00f3n puede pasar a un segundo plano en las deliberaciones de pol\u00edtica despu\u00e9s de que los resultados de las elecciones generales prescriban un enfoque m\u00e1s cauteloso en la gesti\u00f3n de riesgos de la pol\u00edtica monetaria\u201d, indic\u00f3 Deutsche Bank que prev\u00e9 el siguiente recorte de Banxico hasta septiembre.<\/p>\n","protected":false},"excerpt":{"rendered":"<p>El \u00cdndice Nacional de Precios al Consumidor (INPC) present\u00f3 un incremento de 0.21%, en la primera quincena de junio y con este resultado, la inflaci\u00f3n general anual se ubic\u00f3 en 4.78 por ciento, superior a la cifra de la quincena anterior, cuando fue de 4.59%, de acuerdo con la informaci\u00f3n publicada por el Instituto Nacional de Estad\u00edstica y Geograf\u00eda (Inegi).<\/p>\n","protected":false},"author":3,"featured_media":623877,"comment_status":"open","ping_status":"open","sticky":false,"template":"","format":"standard","meta":{"_monsterinsights_skip_tracking":false,"_monsterinsights_sitenote_active":false,"_monsterinsights_sitenote_note":"","_monsterinsights_sitenote_category":0,"footnotes":""},"categories":[17,8],"tags":[43678,932,70298],"class_list":["post-623810","post","type-post","status-publish","format-standard","has-post-thumbnail","hentry","category-especiales","category-finanzas","tag-finanzas","tag-inflacion","tag-tregua"],"_links":{"self":[{"href":"https:\/\/www.diarioimagen.net\/index.php?rest_route=\/wp\/v2\/posts\/623810","targetHints":{"allow":["GET"]}}],"collection":[{"href":"https:\/\/www.diarioimagen.net\/index.php?rest_route=\/wp\/v2\/posts"}],"about":[{"href":"https:\/\/www.diarioimagen.net\/index.php?rest_route=\/wp\/v2\/types\/post"}],"author":[{"embeddable":true,"href":"https:\/\/www.diarioimagen.net\/index.php?rest_route=\/wp\/v2\/users\/3"}],"replies":[{"embeddable":true,"href":"https:\/\/www.diarioimagen.net\/index.php?rest_route=%2Fwp%2Fv2%2Fcomments&post=623810"}],"version-history":[{"count":0,"href":"https:\/\/www.diarioimagen.net\/index.php?rest_route=\/wp\/v2\/posts\/623810\/revisions"}],"wp:featuredmedia":[{"embeddable":true,"href":"https:\/\/www.diarioimagen.net\/index.php?rest_route=\/wp\/v2\/media\/623877"}],"wp:attachment":[{"href":"https:\/\/www.diarioimagen.net\/index.php?rest_route=%2Fwp%2Fv2%2Fmedia&parent=623810"}],"wp:term":[{"taxonomy":"category","embeddable":true,"href":"https:\/\/www.diarioimagen.net\/index.php?rest_route=%2Fwp%2Fv2%2Fcategories&post=623810"},{"taxonomy":"post_tag","embeddable":true,"href":"https:\/\/www.diarioimagen.net\/index.php?rest_route=%2Fwp%2Fv2%2Ftags&post=623810"}],"curies":[{"name":"wp","href":"https:\/\/api.w.org\/{rel}","templated":true}]}}