{"id":623831,"date":"2024-06-25T00:02:24","date_gmt":"2024-06-25T06:02:24","guid":{"rendered":"https:\/\/www.diarioimagen.net\/?p=623831"},"modified":"2024-06-25T01:33:38","modified_gmt":"2024-06-25T07:33:38","slug":"inician-conflictos-en-morena-fernandez-norona-quiere-coordinacion-del-senado","status":"publish","type":"post","link":"https:\/\/www.diarioimagen.net\/?p=623831","title":{"rendered":"Inician conflictos en Morena; Fern\u00e1ndez Noro\u00f1a quiere coordinaci\u00f3n del Senado"},"content":{"rendered":"<h2>La Retaguardia<\/h2>\n<h5>Adriana Moreno Cordero<\/h5>\n<p>&nbsp;<\/p>\n<ul>\n<li><strong><em>El primero en respaldar a Ricardo Monreal es Marcelo Ebrard<\/em><\/strong><\/li>\n<\/ul>\n<p>&nbsp;<\/p>\n<p>Para aquellos que no crean que a pesar de que el pasado 2 de junio, Morena y r\u00e9moras obtuvieron el triunfo no tienen problemas internos que amenazan con volverse serios y dif\u00edciles, basta con que vean la reacci\u00f3n que recientemente tuvo ni m\u00e1s ni menos que el flamante <strong>Gerardo Fern\u00e1ndez Noro\u00f1a<\/strong>, quien como en la carrera de las \u201ccorcholatas\u201d se supone que qued\u00f3 por encima de <strong>Ad\u00e1n Augusto L\u00f3pez Hern\u00e1ndez<\/strong>, ya se sent\u00eda con derecho de pertenecer al gabinete de la virtual Presidenta Electa, <strong>Claudia Sheinbaum<\/strong>,\u00a0 y sin embargo, se qued\u00f3 con un palmo de narices porque graciosamente la futura Presidenta le otorg\u00f3 una senadur\u00eda plurinominal.<\/p>\n<p>Total que as\u00ed le pagaron al controvertido diputado del PT todos los favores que hizo a la campa\u00f1a de la ex abanderada de la coalici\u00f3n Sigamos Haciendo Historia. Luego de que ella fue la elegida, le dieron la posici\u00f3n de ser el vocero de la ex candidata y con eso, Fern\u00e1ndez Noro\u00f1a supuso que estar\u00eda en una posici\u00f3n digamos, privilegiada; lleg\u00f3 a imaginar que ocupar\u00eda algo as\u00ed como la Secretar\u00eda de Gobernaci\u00f3n, pero ya supo que Sheinbaum Pardo no lo va a mencionar ni de lejos cuando el pr\u00f3ximo jueves anuncie a otros tres hombres y tres mujeres que formar\u00e1n parte de su equipo m\u00e1s cercano.<\/p>\n<p>El que lo hubieran dejado, como dice un popular refr\u00e1n, \u201cchiflando en la loma\u201d, desde luego que indign\u00f3 al diputado del PT, que en realidad tuvo y, en el colmo, sigue teniendo, esperanza de convertirse en Presidente de M\u00e9xico. En este alegato que se trae Fern\u00e1ndez Noro\u00f1a, por las redes, por obtener una posici\u00f3n importante despu\u00e9s del 1 de octubre, demanda que le cumplan los acuerdos que se hicieron con las \u201ccorcholatas\u201d que no resultaron favorecidas con la candidatura presidencial de Morena:<\/p>\n<p>\u201cYo lo que estoy planteando es que haga una encuesta (Morena) para ver qui\u00e9n coordina al Senado, si Ad\u00e1n Augusto o yo, porque dicen que estamos empatados, hay quien dice que yo estaba en el tercer lugar (en la carrera de las \u201ccorcholatas\u201d). Yo qued\u00e9 en tercer lugar y hay quien dice que \u00e9l, pues que sea una encuesta y punto y ya resuelto\u201d.<\/p>\n<p>Desde ahorita se puede advertir que con la encuesta tampoco quedar\u00e1 conforme el controvertido legislador. \u00c9l mismo sabe c\u00f3mo se realizan en Morena este tipo de ejercicios que se han denominado \u201cpatito\u201d y ah\u00ed est\u00e1 como muestra la que recientemente hizo el partido guinda sobre la reforma al Poder Judicial. Nadie sabe, nadie supo a qui\u00e9nes se les aplic\u00f3; se hizo con una muestra muy m\u00ednima y las preguntas fueron totalmente inducidas.<\/p>\n<p>De cualquier forma, muy indignado, Fern\u00e1ndez Noro\u00f1a dijo p\u00fablicamente en una entrevista, en la que se subi\u00f3 a un coche, que maneja un personaje enmascarado, que si no le cumplen, \u00e9l devolver\u00eda la senadur\u00eda que le otorgaron para dedicarse a vender libros.<\/p>\n<p>Una cosa es lo que dice el cuestionado legislador y otra, lo que en realidad vaya a hacer. De entrada, no toma en cuenta que Ad\u00e1n Augusto L\u00f3pez Hern\u00e1ndez es considerado el hermano de Andr\u00e9s Manuel L\u00f3pez Obrador y seg\u00fan se sabe, ya tiene el ex secretario de Gobernaci\u00f3n a la gente que lo acompa\u00f1ar\u00e1 en la C\u00e1mara alta.<\/p>\n<p>Por otra parte, en una burda acci\u00f3n, el legislador petista quiere llamar la atenci\u00f3n como para que Claudia Sheinbaum le \u201ceche un lazo\u201d, pero es un diputado muy menor para la futura Presidenta de M\u00e9xico. Aun as\u00ed, cuando se enter\u00f3 del esc\u00e1ndalo de Fern\u00e1ndez Noro\u00f1a, Sheinbaum declar\u00f3: \u201cLa gente quiere much\u00edsimo a Gerardo y ya voy a platicar con \u00e9l en su momento\u201d. \u00bfSer\u00e1? Finalmente, si Morena pudo domar ni m\u00e1s ni menos que al ex secretario de Relaciones Exteriores, Marcelo Ebrard, cuando en la carrera de las \u201ccorcholatas\u201d se revel\u00f3, \u00bfque no puedan con Fern\u00e1ndez Noro\u00f1a?, alg\u00fan expediente deben de tener por ah\u00ed, digamos alg\u00fan \u201ctrapito sucio\u201d.<\/p>\n<p>Adem\u00e1s, Fern\u00e1ndez Noro\u00f1a ha dado muestras de que lo que le importa realmente es el \u201chueso\u201d, as\u00ed que no va a devolver nada; se va a disciplinar y ya. Al tiempo.<\/p>\n<p style=\"text-align: center;\"><strong>Municiones<\/strong><\/p>\n<p>*** Cuando <strong>Vicente Fox<\/strong> gan\u00f3 la Presidencia de M\u00e9xico, en el a\u00f1o 2000, dijo que hab\u00eda recibido el mejor regalo de cumplea\u00f1os -que es el 2 de julio- y efectivamente ten\u00eda raz\u00f3n. Bueno, pues 24 a\u00f1os despu\u00e9s, ayer, la virtual Presidenta Electa cumpli\u00f3 62 a\u00f1os de edad y obviamente la casa de transici\u00f3n de Sheinbaum Pardo se inund\u00f3 de pasteles, mientras ella quer\u00eda conservar el estilo austero, diciendo que no es de grandes fiestas y por las redes sociales felicitaciones de morenistas, r\u00e9moras, boots y dem\u00e1s, se desbordaron; qu\u00e9 tal que pon\u00eda atenci\u00f3n en alguno de los mensajes que le mandaron en un alto porcentaje para quedar bien y que los tomen en cuenta a la hora de los nombramientos. Y s\u00ed, tambi\u00e9n Claudia Sheinbaum recibi\u00f3 un gran regalo porque adem\u00e1s de llegar a la Presidencia del pa\u00eds, pasar\u00e1 a la historia como la primera mujer en hacerlo. Ya de salida, la sucesora de L\u00f3pez Obrador dijo que los tres deseos que pidi\u00f3 fueron: \u201csalud, salud y salud\u201d. Se comenta en los corrillos pol\u00edticos que todav\u00eda no llega a Palacio Nacional y ya se le asoma al semblante el cansancio, con eso de que tiene que estar presta para cuando su jefe la invita a las giras, pues.<\/p>\n<p>*** Uno de los primeros que fue a darle su respaldo a <strong>Ricardo Monreal,<\/strong> que ser\u00e1 el pr\u00f3ximo coordinador de la bancada de Morena en la C\u00e1mara de Diputados, fue alguien que estuvo muy cercano al zacatecano cuando la famosa carrera de las \u201ccorcholatas\u201d para ver qui\u00e9n ocupar\u00eda la candidatura presidencial del partido guinda y se trata del designado secretario de Econom\u00eda, Marcelo Ebrard, que encabez\u00f3 a un grupo de legisladores electos. La reuni\u00f3n se llev\u00f3 a cabo a puerta cerrada y el pretexto fue abordar el tema de los foros que se llevar\u00e1n a cabo para analizar la controvertida reforma al Poder Judicial,\u00a0 pero eso no obst\u00f3 para que muy sonrientes todos se tomaran la foto. Qui\u00e9n lo dir\u00eda, una de las versiones que circularon por los corrillos pol\u00edticos hace tiempo, es que Ebrard Casaub\u00f3n ser\u00eda candidato presidencial de Movimiento Ciudadano y Monreal, abanderado para la jefatura de Gobierno de la Ciudad de M\u00e9xico. Sus decisiones los colocaron en posiciones diferentes pero finalmente, se reencontraron. \u00a1Qu\u00e9 tal!<\/p>\n<p><u><a href=\"mailto:morcora@gmail.com\" target=\"_blank\" rel=\"noopener noreferrer\"><em>morcora@gmail.com<\/em><\/a><\/u><\/p>\n","protected":false},"excerpt":{"rendered":"<p><span style=\"color: #005497;\"><strong>Adriana Moreno Cordero<\/strong><\/span><\/p>\n","protected":false},"author":3,"featured_media":0,"comment_status":"open","ping_status":"open","sticky":false,"template":"","format":"standard","meta":{"_monsterinsights_skip_tracking":false,"_monsterinsights_sitenote_active":false,"_monsterinsights_sitenote_note":"","_monsterinsights_sitenote_category":0,"footnotes":""},"categories":[69370],"tags":[69369,69368,43674],"class_list":["post-623831","post","type-post","status-publish","format-standard","hentry","category-adriana-moreno-cordero","tag-adriana-moreno-cordero","tag-la-retaguardia","tag-opinion"],"_links":{"self":[{"href":"https:\/\/www.diarioimagen.net\/index.php?rest_route=\/wp\/v2\/posts\/623831","targetHints":{"allow":["GET"]}}],"collection":[{"href":"https:\/\/www.diarioimagen.net\/index.php?rest_route=\/wp\/v2\/posts"}],"about":[{"href":"https:\/\/www.diarioimagen.net\/index.php?rest_route=\/wp\/v2\/types\/post"}],"author":[{"embeddable":true,"href":"https:\/\/www.diarioimagen.net\/index.php?rest_route=\/wp\/v2\/users\/3"}],"replies":[{"embeddable":true,"href":"https:\/\/www.diarioimagen.net\/index.php?rest_route=%2Fwp%2Fv2%2Fcomments&post=623831"}],"version-history":[{"count":0,"href":"https:\/\/www.diarioimagen.net\/index.php?rest_route=\/wp\/v2\/posts\/623831\/revisions"}],"wp:attachment":[{"href":"https:\/\/www.diarioimagen.net\/index.php?rest_route=%2Fwp%2Fv2%2Fmedia&parent=623831"}],"wp:term":[{"taxonomy":"category","embeddable":true,"href":"https:\/\/www.diarioimagen.net\/index.php?rest_route=%2Fwp%2Fv2%2Fcategories&post=623831"},{"taxonomy":"post_tag","embeddable":true,"href":"https:\/\/www.diarioimagen.net\/index.php?rest_route=%2Fwp%2Fv2%2Ftags&post=623831"}],"curies":[{"name":"wp","href":"https:\/\/api.w.org\/{rel}","templated":true}]}}