{"id":623839,"date":"2024-06-25T00:03:37","date_gmt":"2024-06-25T06:03:37","guid":{"rendered":"https:\/\/www.diarioimagen.net\/?p=623839"},"modified":"2024-06-26T00:13:32","modified_gmt":"2024-06-26T06:13:32","slug":"siguen-las-imposiciones-midieron-el-agua-a-los-aguacates","status":"publish","type":"post","link":"https:\/\/www.diarioimagen.net\/?p=623839","title":{"rendered":"Siguen las imposiciones. Midieron\u00a0el\u00a0agua a los aguacates"},"content":{"rendered":"<h2>Espacio Electoral<\/h2>\n<h5>Eleazar Flores<\/h5>\n<p>&nbsp;<\/p>\n<p><strong>IN-DEPENDENCIA DE SHEINBAUM-.<\/strong> Con el dicho del pueblo sabio \u201cLo que se ve no se juzga\u201d, inicia\u00a0 su\u00a0 pl\u00e1tica el \u201cmero d\u00eda de San Juan, un baile que se celebraba en el pueblo de Ixtl\u00e1n\u201d, canci\u00f3n popular y cuyo pueblo lo cita en uno de sus m\u00faltiples cuentos el inmortal JUAN RULFO,\u00a0 escritor mexicano, cuyas\u00a0 obras son las m\u00e1s traducidas al mayor n\u00famero de idiomas en el mundo.<\/p>\n<p>Relegando el 24 de junio, Don Teofilito vuelve al dicho del pueblo sabio relacionado con la abierta imposici\u00f3n, por ahora de agenda,\u00a0 y como se ve, tambi\u00e9n de integrantes del nuevo gabinete presidencial que entrar\u00e1 en funciones el 1 de octubre o sea en 96 laaaargos d\u00edas.<\/p>\n<p>En las giras finsemaneras conjuntas, tanto del Presidente en funciones como de la casi Presidenta Electa -legalmente lo ser\u00e1 cuando el incompleto Tribunal Electoral del Poder Judicial de la Federaci\u00f3n le entregue el \u201cpapelito\u201d, el primero seguramente transmite a la segunda, nombres de otros seis integrantes del gabinete que los simples mortales conoceremos hasta este jueves.<\/p>\n<p>Eso s\u00ed, el tabasque\u00f1o asegura no meter las manos en la integraci\u00f3n del gabinete, afirmaci\u00f3n a la que nos tiene acostumbrados, como cuando anuncia con bombo y platillo que la bodega adaptada como MEGAFARMACIA, en Tec\u00e1mac, ha resuelto el problema de escasez de medicamentos, justo ahora que se carece de medicinas e incluso hasta de personal de atenci\u00f3n.<\/p>\n<p>El \u00faltimo anuncio de la se\u00f1ora Sheinbaum, hecho justamente en plena gira presidencial por el sureste, en el sentido de que la Guardia Nacional pasar\u00e1 a depender de la Secretar\u00eda de la Defensa Nacional, \u00bfcasualmente?, coincide con el deseo presidencial, siendo adem\u00e1s parte del paquete de iniciativas que los d\u00f3ciles legisladores est\u00e1n prestos a aprobar sin modificar ni una coma.<\/p>\n<p>\u00bfM\u00e1s pruebas de IN-DEPENDENCIA entre la entrante y el saliente del Ejecutivo federal?, deduzca sin dejarse llevar por otras opiniones ajenas a la suya.<\/p>\n<p><strong>MEJOR EL EMBAJADOR QUE AMLO-.<\/strong> El problema del AGUACATE michoacano y la cancelaci\u00f3n de su exportaci\u00f3n a Estados Unidos surgi\u00f3 hace exactamente una semana, seg\u00fan consignan lo medios locales de la capital pur\u00e9pecha; pero el gobernador Alfredo Ram\u00edrez Bedolla no dio importancia al caso, no obstante estar involucrados operadores norteamericanos en el asunto.<\/p>\n<p>El embajador yanqui Ken Salazar se enter\u00f3 a media semana y al d\u00eda siguiente acudi\u00f3 a Palacio Nacional para ENTERAR al presidente Andr\u00e9s Manuel L\u00f3pez Obrador y pedirle su intervenci\u00f3n para solucionar la pronta liberaci\u00f3n de los operadores norteamericanos,\u00a0 principal preocupaci\u00f3n antes que reanudar la exportaci\u00f3n aguacatera a su pa\u00eds.<\/p>\n<p>El embajador viaj\u00f3 a Michoac\u00e1n hasta en dos ocasiones, ayer la m\u00e1s reciente, para lograr la liberaci\u00f3n de sus paisanos y lo logr\u00f3.<\/p>\n<p>Resuelto el tema, L\u00f3pez Obrador lo anunci\u00f3, pero jam\u00e1s acudi\u00f3 a Michoac\u00e1n, \u00bfc\u00f3mo ve?<\/p>\n<p><em><a href=\"mailto:elefa44@gmail.com\" target=\"_blank\" rel=\"noopener noreferrer\">elefa44@gmail.com<\/a><\/em><\/p>\n","protected":false},"excerpt":{"rendered":"<p><span style=\"color: #005497;\"><strong>Eleazar Flores<\/strong><\/span><\/p>\n","protected":false},"author":3,"featured_media":0,"comment_status":"open","ping_status":"open","sticky":false,"template":"","format":"standard","meta":{"_monsterinsights_skip_tracking":false,"_monsterinsights_sitenote_active":false,"_monsterinsights_sitenote_note":"","_monsterinsights_sitenote_category":0,"footnotes":""},"categories":[81743],"tags":[81744,81776,43674],"class_list":["post-623839","post","type-post","status-publish","format-standard","hentry","category-eleazar-flores","tag-eleazar-flores","tag-espacio-electoral","tag-opinion"],"_links":{"self":[{"href":"https:\/\/www.diarioimagen.net\/index.php?rest_route=\/wp\/v2\/posts\/623839","targetHints":{"allow":["GET"]}}],"collection":[{"href":"https:\/\/www.diarioimagen.net\/index.php?rest_route=\/wp\/v2\/posts"}],"about":[{"href":"https:\/\/www.diarioimagen.net\/index.php?rest_route=\/wp\/v2\/types\/post"}],"author":[{"embeddable":true,"href":"https:\/\/www.diarioimagen.net\/index.php?rest_route=\/wp\/v2\/users\/3"}],"replies":[{"embeddable":true,"href":"https:\/\/www.diarioimagen.net\/index.php?rest_route=%2Fwp%2Fv2%2Fcomments&post=623839"}],"version-history":[{"count":0,"href":"https:\/\/www.diarioimagen.net\/index.php?rest_route=\/wp\/v2\/posts\/623839\/revisions"}],"wp:attachment":[{"href":"https:\/\/www.diarioimagen.net\/index.php?rest_route=%2Fwp%2Fv2%2Fmedia&parent=623839"}],"wp:term":[{"taxonomy":"category","embeddable":true,"href":"https:\/\/www.diarioimagen.net\/index.php?rest_route=%2Fwp%2Fv2%2Fcategories&post=623839"},{"taxonomy":"post_tag","embeddable":true,"href":"https:\/\/www.diarioimagen.net\/index.php?rest_route=%2Fwp%2Fv2%2Ftags&post=623839"}],"curies":[{"name":"wp","href":"https:\/\/api.w.org\/{rel}","templated":true}]}}