{"id":623844,"date":"2024-06-25T00:17:40","date_gmt":"2024-06-25T06:17:40","guid":{"rendered":"https:\/\/www.diarioimagen.net\/?p=623844"},"modified":"2024-07-02T01:57:31","modified_gmt":"2024-07-02T07:57:31","slug":"reforma-o-revancha-contra-scjn","status":"publish","type":"post","link":"https:\/\/www.diarioimagen.net\/?p=623844","title":{"rendered":"Reforma \u00bfo revancha contra SCJN?"},"content":{"rendered":"<h2>Caleidoscopio<\/h2>\n<h5>Guillermina G\u00f3mora Ord\u00f3\u00f1ez<\/h5>\n<p>&nbsp;<\/p>\n<p>El segundo piso de la <strong><em>#4Transformaci\u00f3n<\/em><\/strong> coloca al <strong>Poder Judicial de la Federaci\u00f3n<\/strong> contra las cuerdas. El \u201cplan C\u201d del presidente <strong>Andr\u00e9s Manuel L\u00f3pez Obrador<\/strong> y <strong>Morena <\/strong>avanza en el Congreso bajo el argumento de que los cambios al sistema judicial buscan responder al reclamo del pueblo para tener una instituci\u00f3n de impartici\u00f3n de justicia austera, independiente y ajena a intereses privados.<\/p>\n<p>Bajo la consigna,<strong> \u00a1Al diablo con las instituciones!, <\/strong>en C\u00e1mara de Diputados arrancar\u00e1 el primero de los nueve foros de \u201cDi\u00e1logos Nacionales\u201d para la reforma al Poder Judicial. El pr\u00f3ximo jueves 27 de junio se llevar\u00e1 a cabo con el tema: \u201c\u00bfQu\u00e9 Poder Judicial tenemos? \u00bfQu\u00e9 Poder Judicial queremos?\u201d. En el Palacio Legislativo de San L\u00e1zaro se realizar\u00e1n dos y el resto en otros estados de la Rep\u00fablica, para concluir el 8 de agosto.<\/p>\n<p><strong>Juan Ramiro Robledo<\/strong> (Morena), presidente de la Comisi\u00f3n de Puntos Constitucionales de la C\u00e1mara de Diputados, dijo que se busca que la invitaci\u00f3n sea \u201clo m\u00e1s abierta\u201d posible. Sin embargo, ha sostenido que los foros \u201cson para o\u00edr\u201d no para debatir pues \u201clas cosas est\u00e1n claras hacia d\u00f3nde van\u201d.<\/p>\n<p>Al respecto, la <strong>senadora priista Beatriz Paredes<\/strong>, afirma: \u201cSi solamente son ejercicios f\u00e1rsicos para legitimar decisiones previamente tomadas, estamos desgastando las f\u00f3rmulas de la democracia participativa\u201d.<\/p>\n<p>S\u00ed, los foros ser\u00e1n una costosa pantomima para disfrazar la aplanadora de Morena y sus aliados, quienes acatar\u00e1n el mandamiento <em>lopezobradorista:<\/em>\u00a0 \u201csin mover una coma\u201d a la reforma y al dictamen como se ha hecho durante esta legislatura. \u201cLealtad ciega\u201d para cumplir con el plan de concentrar el poder y cobrar viejos agravios a la <strong>Suprema Corte de Justicia de la Naci\u00f3n<\/strong> (<strong>SCJN<\/strong>) y a su presidenta, <strong>Norma Pi\u00f1a<\/strong>, sus ac\u00e9rrimos enemigos.<\/p>\n<p>Recordemos que al presidente L\u00f3pez Obrador no le gustan los contrapesos. Hace poco dijo que su autoridad \u201cmoral\u201d est\u00e1 por encima de la ley. Incluso cuando los mercados cambiarios y burs\u00e1tiles respondieron negativamente al anuncio de que Morena buscar\u00e1 sacar adelante el \u201cplan C\u201d a partir de septiembre, advirti\u00f3 que \u201cla justicia est\u00e1 por encima de los mercados\u201d.<\/p>\n<p>As\u00ed que, bajo estas premisas, los participantes en los foros deber\u00e1n exponer sus planteamientos a favor o en contra sobre la iniciativa de reforma presentada en febrero y respaldada por la <strong>virtual Presidenta Electa, Claudia Sheinbaum<\/strong>.<\/p>\n<p>La pol\u00e9mica iniciativa propone que los ministros de la SCJN, magistrados y jueces sean electos por voto popular en junio de 2025; una Suprema Corte de nueve ministros; retirar la pensi\u00f3n vitalicia a los ministros de la Corte y crear un Tribunal de Disciplina Judicial. En total, m\u00e1s de 1,600 cargos judiciales ir\u00edan a las urnas y podr\u00e1n postularse miles de abogados.<\/p>\n<p>La propuesta plantea crear por separado un \u00f3rgano de administraci\u00f3n judicial y un Tribunal de Disciplina Judicial con facultades para sancionar a todos los miembros de la judicatura, incluidos los ministros.<\/p>\n<p>Sobre la reforma, la <strong>Barra Mexicana de abogados<\/strong> advierte que la propuesta constituye una amenaza directa a la independencia judicial y que \u201cla iniciativa presentada por el Presidente no atiende a los problemas de la justicia penal, familiar, civil o laboral, ni plantea soluciones a los problemas de creciente impunidad que vivimos en el pa\u00eds. Por eso es necesario sumar a universidades, colegios de abogados, c\u00e1maras empresariales, centros de investigaci\u00f3n y ciudadan\u00eda en general para, juntos, encontrar soluciones a la falta de justicia en M\u00e9xico\u201d<\/p>\n<p>Por su parte, <strong>Ricardo Monreal, coordinador de la bancada de Morena en el Senado<\/strong>, afirm\u00f3 que la reforma propuesta por el presidente L\u00f3pez Obrador pretende \u201cliberar\u201d al Poder Judicial del crimen organizado, \u201ces decir, desatarle las manos y las complicidades de jueces y magistrados o ministros con la delincuencia\u201d.<\/p>\n<p>Postura que no comparte, el <strong>senador Emilio \u00c1lvarez Icaza<\/strong>, al denunciar que: \u201cLa urgencia est\u00e1 motivada por un esp\u00edritu de venganza de L\u00f3pez Obrador hacia el Poder Judicial, personalizado hacia la ministra Pi\u00f1a, porque lo ha le\u00eddo como un obst\u00e1culo para su proyecto, s\u00ed veo ah\u00ed la prisa y la urgencia motivada por un af\u00e1n de vengar lo que \u00e9l no pudo hacer\u201d.<\/p>\n<p>\u00c1lvarez Icaza sostiene que el Poder Judicial es perfectible, pero la reforma que propone L\u00f3pez Obrador no busca la mejor\u00eda sino la elecci\u00f3n de jueces afines ideol\u00f3gicamente con el gobierno.<\/p>\n<p>As\u00ed las cosas, la hoja de ruta del \u201cplan C\u201d establece que el dictamen quede aprobado en la Comisi\u00f3n de Puntos Constitucionales antes del 28 de agosto y se turne a la siguiente legislatura. De lo contrario, la iniciativa se desechar\u00eda. El oficio pol\u00edtico de los actuales coordinadores morenistas en el Congreso est\u00e1 prueba y en la mira de Claudia Sheinbaum, quien deber\u00e1 tejer fino con ellos y los nuevos diputados y senadores de la 66 legislatura para aprobar la reforma y convertirla en decreto como exigen en Palacio Nacional.<\/p>\n<p>Al margen de los plazos legislativos, hay que estar pendientes sobre qu\u00e9 tanto de los profundos alcances de la reforma dejar\u00e1 pasar Claudia Sheinbaum. En juego est\u00e1 la democracia, el Estado de Derecho y el respeto a la divisi\u00f3n de poderes. De lo contrario, el gobierno de la primera mujer Presidenta pagar\u00e1 los costos pol\u00edticos y sociales de la obsesi\u00f3n por concentrar el poder.<\/p>\n<p><a href=\"https:\/\/twitter.com\/guillegomora?lang=es\" target=\"_blank\" rel=\"noopener\"><em>@guillegomora<\/em><\/a><\/p>\n","protected":false},"excerpt":{"rendered":"<p><span style=\"color: #005497;\"><strong>Guillermina G\u00f3mora Ord\u00f3\u00f1ez<\/strong><\/span><\/p>\n","protected":false},"author":3,"featured_media":0,"comment_status":"open","ping_status":"open","sticky":false,"template":"","format":"standard","meta":{"_monsterinsights_skip_tracking":false,"_monsterinsights_sitenote_active":false,"_monsterinsights_sitenote_note":"","_monsterinsights_sitenote_category":0,"footnotes":""},"categories":[58361],"tags":[58362,58363,43674],"class_list":["post-623844","post","type-post","status-publish","format-standard","hentry","category-guillermina-gomora-ordonez","tag-caleidoscopio","tag-guillermina-gomora-ordonez","tag-opinion"],"_links":{"self":[{"href":"https:\/\/www.diarioimagen.net\/index.php?rest_route=\/wp\/v2\/posts\/623844","targetHints":{"allow":["GET"]}}],"collection":[{"href":"https:\/\/www.diarioimagen.net\/index.php?rest_route=\/wp\/v2\/posts"}],"about":[{"href":"https:\/\/www.diarioimagen.net\/index.php?rest_route=\/wp\/v2\/types\/post"}],"author":[{"embeddable":true,"href":"https:\/\/www.diarioimagen.net\/index.php?rest_route=\/wp\/v2\/users\/3"}],"replies":[{"embeddable":true,"href":"https:\/\/www.diarioimagen.net\/index.php?rest_route=%2Fwp%2Fv2%2Fcomments&post=623844"}],"version-history":[{"count":0,"href":"https:\/\/www.diarioimagen.net\/index.php?rest_route=\/wp\/v2\/posts\/623844\/revisions"}],"wp:attachment":[{"href":"https:\/\/www.diarioimagen.net\/index.php?rest_route=%2Fwp%2Fv2%2Fmedia&parent=623844"}],"wp:term":[{"taxonomy":"category","embeddable":true,"href":"https:\/\/www.diarioimagen.net\/index.php?rest_route=%2Fwp%2Fv2%2Fcategories&post=623844"},{"taxonomy":"post_tag","embeddable":true,"href":"https:\/\/www.diarioimagen.net\/index.php?rest_route=%2Fwp%2Fv2%2Ftags&post=623844"}],"curies":[{"name":"wp","href":"https:\/\/api.w.org\/{rel}","templated":true}]}}