{"id":623856,"date":"2024-06-25T00:06:03","date_gmt":"2024-06-25T06:06:03","guid":{"rendered":"https:\/\/www.diarioimagen.net\/?p=623856"},"modified":"2024-06-25T01:51:09","modified_gmt":"2024-06-25T07:51:09","slug":"un-mismo-proyecto","status":"publish","type":"post","link":"https:\/\/www.diarioimagen.net\/?p=623856","title":{"rendered":"Un mismo proyecto"},"content":{"rendered":"<h2>Aunque pese<\/h2>\n<h5>Salvador Mart\u00ednez Garc\u00eda<\/h5>\n<p>&nbsp;<\/p>\n<p>La actividad de la cuasi Presidenta Electa, Claudia Sheinbaum, tenida en las \u00faltimas semanas, ratifica que en la sucesi\u00f3n del gobierno federal habr\u00e1 cambio de titular, pero se mantendr\u00e1 un mismo proyecto pol\u00edtico y de naci\u00f3n.<\/p>\n<p>Hasta ahora todos los empe\u00f1os de la comentocracia, de muchos medios de comunicaci\u00f3n y varios grupos de presi\u00f3n empresarial y de n\u00facleos de alto poder adquisitivo para \u201camarrar navajas\u201d entre la ex jefa de Gobierno y el a\u00fan Presidente de la Rep\u00fablica, han sido vanos.<\/p>\n<p>Ambos personajes, saliente y entrante, han dejado en claro que caminan sobre la misma ruta. As\u00ed se prob\u00f3 con el anuncio de los primeros integrantes del gabinete: Marcelo Ebrard, Juan Ram\u00f3n de la Fuente Ram\u00edrez, Rosaura Ruiz Guti\u00e9rrez, Alicia B\u00e1rcena Ibarra, Julio Berdegu\u00e9 Sacrist\u00e1n, Ernestina Godoy Ramos y el anticipadamente ratificado Rogelio Ram\u00edrez de la O, todos comprometidos con la llamada Cuarta Transformaci\u00f3n y ahora en la construcci\u00f3n del \u201csegundo piso\u201d.<\/p>\n<p>Confirma tambi\u00e9n que seguiremos en el mismo sendero, las giras en las que Claudia Sheinbaum acompa\u00f1a al presidente L\u00f3pez Obrador para comprometerse a continuar con las obras y proyectos estrat\u00e9gicos de este sexenio como el Corredor Trans\u00edstmico, el Tren Maya, la Reforma Judicial o la integraci\u00f3n de la Guardia Nacional a la Sedena, entre otros.<\/p>\n<p>Con los empresarios del CCE, la pr\u00f3xima Presidenta se comprometi\u00f3 a alentar la inversi\u00f3n privada nacional y extranjera y darles certidumbre jur\u00eddica a los capitales, tal y como ha acontecido en esta administraci\u00f3n, al alcanzar cifras r\u00e9cord de Inversi\u00f3n Extranjera Directa (IED), por ejemplo.<\/p>\n<p>No obstante, todo ello, los esfuerzos de la derecha y sus esbirros para confrontar a L\u00f3pez Obrador y Sheinbaum continuar\u00e1n no s\u00f3lo hasta el primero de octubre, sino que, muy probablemente, se intensifiquen a\u00fan m\u00e1s en el arranque del siguiente sexenio.<\/p>\n<p>Divide y vencer\u00e1s, es la consigna. La necesidad es que ello no suceda. Veremos.<\/p>\n<p style=\"text-align: center;\"><strong>Susurros<\/strong><\/p>\n<p>Muchas y muy variadas son las impugnaciones que los partidos pol\u00edticos y candidatos a diversos puestos de elecci\u00f3n popular han iniciado, primero ante el INE y luego ante el Tribunal Electoral del Poder Judicial de la Federaci\u00f3n (TEPJF) por parte de aspirantes derrotados en las urnas.<\/p>\n<p>La realidad es que no habr\u00e1 grandes movimientos en los resultados electorales, a pesar del gran n\u00famero de juicios que la Sala Superior y las Regionales del pa\u00eds tendr\u00e1n que resolver en unas cuantas semanas.<\/p>\n<p>En la mayor\u00eda de los casos son s\u00f3lo patadas de ahogado, como las del PRD y quienes fueron sus abanderados en todo el pa\u00eds. La suerte de los derrotados determin\u00f3 la ciudadan\u00eda en las urnas, poco podr\u00e1n hacer en los tribunales.<\/p>\n<p><a href=\"mailto:salvadormartinez@visionmx.com\" target=\"_blank\" rel=\"noopener\"><em>salvadormartinez@visionmx.com<\/em><\/a><br \/>\n<strong><em>X:<\/em><\/strong><a href=\"https:\/\/twitter.com\/salvador_mtz?lang=es\" target=\"_blank\" rel=\"noopener\"><em> @salvador_mtz<\/em><\/a><\/p>\n","protected":false},"excerpt":{"rendered":"<p><span style=\"color: #005497;\"><strong>Salvador Mart\u00ednez Garc\u00eda<\/strong><\/span><\/p>\n","protected":false},"author":3,"featured_media":0,"comment_status":"open","ping_status":"open","sticky":false,"template":"","format":"standard","meta":{"_monsterinsights_skip_tracking":false,"_monsterinsights_sitenote_active":false,"_monsterinsights_sitenote_note":"","_monsterinsights_sitenote_category":0,"footnotes":""},"categories":[96743],"tags":[96744,43674,96745],"class_list":["post-623856","post","type-post","status-publish","format-standard","hentry","category-salvador-martinez-garcia","tag-aunque-pese","tag-opinion","tag-salvador-martinez-garcia"],"_links":{"self":[{"href":"https:\/\/www.diarioimagen.net\/index.php?rest_route=\/wp\/v2\/posts\/623856","targetHints":{"allow":["GET"]}}],"collection":[{"href":"https:\/\/www.diarioimagen.net\/index.php?rest_route=\/wp\/v2\/posts"}],"about":[{"href":"https:\/\/www.diarioimagen.net\/index.php?rest_route=\/wp\/v2\/types\/post"}],"author":[{"embeddable":true,"href":"https:\/\/www.diarioimagen.net\/index.php?rest_route=\/wp\/v2\/users\/3"}],"replies":[{"embeddable":true,"href":"https:\/\/www.diarioimagen.net\/index.php?rest_route=%2Fwp%2Fv2%2Fcomments&post=623856"}],"version-history":[{"count":0,"href":"https:\/\/www.diarioimagen.net\/index.php?rest_route=\/wp\/v2\/posts\/623856\/revisions"}],"wp:attachment":[{"href":"https:\/\/www.diarioimagen.net\/index.php?rest_route=%2Fwp%2Fv2%2Fmedia&parent=623856"}],"wp:term":[{"taxonomy":"category","embeddable":true,"href":"https:\/\/www.diarioimagen.net\/index.php?rest_route=%2Fwp%2Fv2%2Fcategories&post=623856"},{"taxonomy":"post_tag","embeddable":true,"href":"https:\/\/www.diarioimagen.net\/index.php?rest_route=%2Fwp%2Fv2%2Ftags&post=623856"}],"curies":[{"name":"wp","href":"https:\/\/api.w.org\/{rel}","templated":true}]}}