{"id":623944,"date":"2024-06-26T00:01:32","date_gmt":"2024-06-26T06:01:32","guid":{"rendered":"https:\/\/www.diarioimagen.net\/?p=623944"},"modified":"2024-06-26T23:19:38","modified_gmt":"2024-06-27T05:19:38","slug":"jueces-familiares-analizan-diversos-factores-para-autorizar-salida-de-menor-al-extranjero","status":"publish","type":"post","link":"https:\/\/www.diarioimagen.net\/?p=623944","title":{"rendered":"Jueces familiares analizan diversos factores para autorizar salida de menor al extranjero"},"content":{"rendered":"<p>&nbsp;<\/p>\n<ul>\n<li><strong><em>Esto, para visita internacional con el progenitor que no ostenta la guarda y custodia, explic\u00f3 la jueza Noveno Familiar del PJCDMX, Josefa del Carmen Franco Corral<\/em><\/strong><\/li>\n<\/ul>\n<p>&nbsp;<\/p>\n<div id=\"attachment_624034\" style=\"width: 470px\" class=\"wp-caption aligncenter\"><a href=\"https:\/\/www.diarioimagen.net\/?attachment_id=624034\" rel=\"attachment wp-att-624034\"><img loading=\"lazy\" decoding=\"async\" aria-describedby=\"caption-attachment-624034\" class=\"wp-image-624034 size-full\" src=\"https:\/\/www.diarioimagen.net\/wp-content\/uploads\/2024\/06\/tribunal-8.jpg\" alt=\"\" width=\"460\" height=\"270\" \/><\/a><p id=\"caption-attachment-624034\" class=\"wp-caption-text\">El presidente del PJCDMX, magistrado Rafael Guerra \u00c1lvarez. \/ Jueza Noveno Familiar del PJCDMX, Josefa del Carmen Franco Corral.<\/p><\/div>\n<p>&nbsp;<\/p>\n<p>Para autorizar la salida de ni\u00f1as, ni\u00f1os y adolescentes a visita en el extranjero al progenitor que no tiene su guarda y custodia, juezas y jueces del Poder Judicial de la Ciudad de M\u00e9xico (PJCDMX), encabezado por el magistrado Rafael Guerra \u00c1lvarez, analizan diversos factores antes de emitir su fallo; por ejemplo, que no se trate de un pa\u00eds en guerra, la edad, el itinerario, porque por encima del deseo del padre o madre solicitante est\u00e1 el inter\u00e9s superior del menor.<\/p>\n<p>As\u00ed lo subray\u00f3 la jueza Noveno Familiar del \u00f3rgano judicial capitalino, Josefa del Carmen Franco Corral, quien enfatiz\u00f3 que solo en caso de desacuerdo con la salida del menor de edad al extranjero por parte del progenitor que ostenta la guarda y custodia, las y los impartidores de justicia tienen la facultad de resolver sobre la autorizaci\u00f3n correspondiente.<\/p>\n<p>Explic\u00f3 que el r\u00e9gimen de visitas internacionales se rige por lo estipulado en la Convenci\u00f3n de La Haya, de la cual el Estado mexicano es parte, y cuya finalidad es mantener la relaci\u00f3n ya sea materno o paterno filial de un menor de edad con aquel de sus progenitores que no tiene la guarda y custodia y que se encuentra en otro pa\u00eds.<\/p>\n<p>Precis\u00f3 que, en los casos de desacuerdo, el progenitor solicitante de la visita en el extranjero no debe tramitar directamente la autorizaci\u00f3n ante el juez familiar del PJCDMX, sino a trav\u00e9s de las autoridades centrales de cada pa\u00eds, que en el caso de M\u00e9xico es la Secretar\u00eda de Relaciones Exteriores (SRE), a la cual llega la solicitud y la canaliza a uno de 10 juzgados familiares del \u00f3rgano judicial capitalino con esa jurisdicci\u00f3n.<\/p>\n<p>\u201cUna vez que tenemos esa situaci\u00f3n, le notificamos a la parte que tiene bajo su cuidado al ni\u00f1o, ni\u00f1a o adolescente para que venga al juzgado y manifieste lo que a su derecho corresponda, ponga las excepciones o se oponga\u201d, coment\u00f3.<\/p>\n<p>Sin embargo, la impartidora de justicia detall\u00f3 que juezas y jueces, ante estos casos, la mayor\u00eda de las veces \u201ctratamos de buscar una alternativa\u201d, que es estructurar un acuerdo de voluntades entre los progenitores, con el apoyo de la SRE, porque lo m\u00e1s importante es priorizar el inter\u00e9s superior de ni\u00f1as, ni\u00f1os y adolescentes.<\/p>\n<p>Sobre la procedencia de la autorizaci\u00f3n, Franco Corral se\u00f1al\u00f3 que hay muchos elementos y factores a considerar; sin embargo, puntualiz\u00f3 que se tiene que tomar como punto prioritario el beneficio del ni\u00f1o, ni\u00f1a o adolescente, independientemente de que el padre o la madre que tiene la guarda y custodia se oponga.<\/p>\n<p>Record\u00f3 que, a fin de que el impartidor de justicia que conoce del caso tenga todos los elementos para autorizar o no la visita internacional, debe expres\u00e1rsele en la audiencia si hay alg\u00fan temor fundado o alguna presunci\u00f3n de que el ni\u00f1o, ni\u00f1a o adolescente pudiera no estar bien protegido en el exterior.<\/p>\n","protected":false},"excerpt":{"rendered":"<p>Para autorizar la salida de ni\u00f1as, ni\u00f1os y adolescentes a visita en el extranjero al progenitor que no tiene su guarda y custodia, juezas y jueces del Poder Judicial de la Ciudad de M\u00e9xico (PJCDMX), encabezado por el magistrado Rafael Guerra \u00c1lvarez, analizan diversos factores antes de emitir su fallo; por ejemplo, que no se trate de un pa\u00eds en guerra, la edad, el itinerario, porque por encima del deseo del padre o madre solicitante est\u00e1 el inter\u00e9s superior del menor.<\/p>\n","protected":false},"author":3,"featured_media":624034,"comment_status":"open","ping_status":"open","sticky":false,"template":"","format":"standard","meta":{"_monsterinsights_skip_tracking":false,"_monsterinsights_sitenote_active":false,"_monsterinsights_sitenote_note":"","_monsterinsights_sitenote_category":0,"footnotes":""},"categories":[6],"tags":[36734,8203,90403],"class_list":["post-623944","post","type-post","status-publish","format-standard","has-post-thumbnail","hentry","category-cd-de-mexico","tag-extranjero","tag-menores","tag-viajar"],"_links":{"self":[{"href":"https:\/\/www.diarioimagen.net\/index.php?rest_route=\/wp\/v2\/posts\/623944","targetHints":{"allow":["GET"]}}],"collection":[{"href":"https:\/\/www.diarioimagen.net\/index.php?rest_route=\/wp\/v2\/posts"}],"about":[{"href":"https:\/\/www.diarioimagen.net\/index.php?rest_route=\/wp\/v2\/types\/post"}],"author":[{"embeddable":true,"href":"https:\/\/www.diarioimagen.net\/index.php?rest_route=\/wp\/v2\/users\/3"}],"replies":[{"embeddable":true,"href":"https:\/\/www.diarioimagen.net\/index.php?rest_route=%2Fwp%2Fv2%2Fcomments&post=623944"}],"version-history":[{"count":0,"href":"https:\/\/www.diarioimagen.net\/index.php?rest_route=\/wp\/v2\/posts\/623944\/revisions"}],"wp:featuredmedia":[{"embeddable":true,"href":"https:\/\/www.diarioimagen.net\/index.php?rest_route=\/wp\/v2\/media\/624034"}],"wp:attachment":[{"href":"https:\/\/www.diarioimagen.net\/index.php?rest_route=%2Fwp%2Fv2%2Fmedia&parent=623944"}],"wp:term":[{"taxonomy":"category","embeddable":true,"href":"https:\/\/www.diarioimagen.net\/index.php?rest_route=%2Fwp%2Fv2%2Fcategories&post=623944"},{"taxonomy":"post_tag","embeddable":true,"href":"https:\/\/www.diarioimagen.net\/index.php?rest_route=%2Fwp%2Fv2%2Ftags&post=623944"}],"curies":[{"name":"wp","href":"https:\/\/api.w.org\/{rel}","templated":true}]}}