{"id":624001,"date":"2024-06-26T00:05:32","date_gmt":"2024-06-26T06:05:32","guid":{"rendered":"https:\/\/www.diarioimagen.net\/?p=624001"},"modified":"2024-06-26T00:06:46","modified_gmt":"2024-06-26T06:06:46","slug":"la-sumision-de-un-presidente","status":"publish","type":"post","link":"https:\/\/www.diarioimagen.net\/?p=624001","title":{"rendered":"La sumisi\u00f3n de un Presidente"},"content":{"rendered":"<h2>Perfil de M\u00e9xico<\/h2>\n<h5>Armando R\u00edos Ruiz<\/h5>\n<p>&nbsp;<\/p>\n<p>Despu\u00e9s de las elecciones que dieron el triunfo a Claudia Sheinbaum, alumna del Presidente desde que inici\u00f3 su carrera pol\u00edtica con el primer cargo p\u00fablico que el tabasque\u00f1o le confiri\u00f3 en el a\u00f1o 2000, como secretaria del Medio Ambiente del Distrito Federal, cuando fung\u00eda como jefe de Gobierno de la Ciudad de M\u00e9xico, han surgido sue\u00f1os de diversos polit\u00f3logos y analistas pol\u00edticos que expresan una ilusi\u00f3n que seguramente quedar\u00e1 en un buen deseo.<\/p>\n<p>Inclusive desde antes de los comicios del 2 de junio pasado, se escribieron columnas en las que se habl\u00f3 de que, de ganar las elecciones, la se\u00f1ora podr\u00eda estar dispuesta a sacudirse el yugo autoritario que seguramente le impondr\u00eda el Presidente, \u00e1vido de poder y dispuesto a no perderlo por el hecho de terminar su gesti\u00f3n. M\u00e1s bien de preservarlo con la imposici\u00f3n como candidata del funcionario menos dispuesto a ofrecer resistencia con tal de llegar al m\u00e1ximo poder.<\/p>\n<p>El Presidente no tuvo empacho en deslindar de esta posibilidad a quienes hab\u00edan acumulado m\u00e9ritos suficientes para ser tomados en cuenta. Sin duda, Marcelo Ebrard fue quien ten\u00eda esos merecimientos, por haberle mostrado una fidelidad a toda prueba y por haberse hecho a un lado en el segundo intento de buscar la candidatura desde el PRD. Se supon\u00eda que esta actitud le confer\u00eda el m\u00e9rito de relevarlo en esta ocasi\u00f3n, una vez finalizada la tarea.<\/p>\n<p>En la mente del Mandatario exist\u00eda otra figura que comenz\u00f3 a tener presencia a partir de su asunci\u00f3n a la Primera Magistratura: la de Claudia Sheinbaum, seleccionada desde el principio como la fiel caja de caudales capaz de guardar todos los secretos del hoy Presidente, como los gastos en la construcci\u00f3n de los puentes viales, hasta hoy bien resguardados, am\u00e9n de otros.<\/p>\n<p>Era la id\u00f3nea para continuar en la Presidencia desde el rancho chiapaneco. La se\u00f1ora decidi\u00f3 copiar en todo a su jefe o al \u00fanico que podr\u00eda convertirla en su sucesora. Mostr\u00f3 docilidad y hasta falta de iniciativa, porque, al fin y al cabo, lo \u00fanico que ten\u00eda que hacer era copiar al jefe sus actitudes. Cada gesto. Cada palabra. Esto no requiere inteligencia ni preparaci\u00f3n especiales. Remedar es f\u00e1cil, aun cuando el consejo popular dice que nunca, segundas partes fueron buenas.<\/p>\n<p>Desde poco antes de los comicios y hoy, muchos han pensado \u2014inclusive un servidor\u2014 en la remota posibilidad de que la se\u00f1ora pudiera asumir un papel similar al de L\u00e1zaro C\u00e1rdenas frente al jefe del Maximato, Plutarco El\u00edas Calles, habida cuenta de que, quien ejerce el cargo de Presidente no puede ser t\u00edtere de quien lo deja. El poder es indivisible y quien lo ejerce debe operar de acuerdo con su propia visi\u00f3n. Con sus propias decisiones, aciertos y errores.<\/p>\n<p>Los d\u00edas despu\u00e9s del triunfo, advierten que eso no ser\u00e1 posible. El se\u00f1or ha endurecido sus acciones como el \u00fanico y seguro jefe del nuevo Maximato, aunque a\u00fan no sepamos cu\u00e1nto dure. Y Claudia ha mostrado estar dispuesta a respetar las decisiones del maestro, como sumisa heredera del poder que le hicieron el favor de conferirle, con la condici\u00f3n de permitir la intromisi\u00f3n de su benefactor.<\/p>\n<p>Ha repetido estar de acuerdo con uno de los actos m\u00e1s nefastos en la vida de cualquier pa\u00eds democr\u00e1tico: la reforma al Poder Judicial, que permitir\u00e1 la elecci\u00f3n de jueces, magistrados y ministros por voto popular, como un acto de venganza y no con miras a hacer funcionar esa instituci\u00f3n para bien de M\u00e9xico.<\/p>\n<p>Esto, sin reflexionar en que dicha acci\u00f3n es ya rechazada inclusive por la comunidad internacional y que podr\u00eda implicar desavenencias con otros pa\u00edses, sin ninguna necesidad de fabricar enemigos por fabricarlos o tan s\u00f3lo por dar gusto al quien apunta a dirigir sus actos de gobierno.<\/p>\n<p>La ha rega\u00f1ado por atreverse a conferir nombramientos y la ha placeado en diferentes entidades, despu\u00e9s del triunfo, los fines de semana, como para hacer notar que le debe el favor y que es quien permanecer\u00e1 al frente del destino del pa\u00eds, como jefe de la misma Presidente. Ha iniciado pues, una andanada de imposiciones, no con la complacencia, sino con el sometimiento de la se\u00f1ora.<\/p>\n<p><a href=\"mailto:ariosruiz@gmail.com\" target=\"_blank\" rel=\"noopener noreferrer\"><em>ariosruiz@gmail.com<\/em><\/a><\/p>\n","protected":false},"excerpt":{"rendered":"<p><span style=\"color: #005497;\"><strong>Armando R\u00edos Ruiz<\/strong><\/span><\/p>\n","protected":false},"author":3,"featured_media":0,"comment_status":"open","ping_status":"open","sticky":false,"template":"","format":"standard","meta":{"_monsterinsights_skip_tracking":false,"_monsterinsights_sitenote_active":false,"_monsterinsights_sitenote_note":"","_monsterinsights_sitenote_category":0,"footnotes":""},"categories":[88405],"tags":[88407,43674,91193],"class_list":["post-624001","post","type-post","status-publish","format-standard","hentry","category-armando-rios-ruiz","tag-armando-rios-ruiz","tag-opinion","tag-perfil-de-mexico"],"_links":{"self":[{"href":"https:\/\/www.diarioimagen.net\/index.php?rest_route=\/wp\/v2\/posts\/624001","targetHints":{"allow":["GET"]}}],"collection":[{"href":"https:\/\/www.diarioimagen.net\/index.php?rest_route=\/wp\/v2\/posts"}],"about":[{"href":"https:\/\/www.diarioimagen.net\/index.php?rest_route=\/wp\/v2\/types\/post"}],"author":[{"embeddable":true,"href":"https:\/\/www.diarioimagen.net\/index.php?rest_route=\/wp\/v2\/users\/3"}],"replies":[{"embeddable":true,"href":"https:\/\/www.diarioimagen.net\/index.php?rest_route=%2Fwp%2Fv2%2Fcomments&post=624001"}],"version-history":[{"count":0,"href":"https:\/\/www.diarioimagen.net\/index.php?rest_route=\/wp\/v2\/posts\/624001\/revisions"}],"wp:attachment":[{"href":"https:\/\/www.diarioimagen.net\/index.php?rest_route=%2Fwp%2Fv2%2Fmedia&parent=624001"}],"wp:term":[{"taxonomy":"category","embeddable":true,"href":"https:\/\/www.diarioimagen.net\/index.php?rest_route=%2Fwp%2Fv2%2Fcategories&post=624001"},{"taxonomy":"post_tag","embeddable":true,"href":"https:\/\/www.diarioimagen.net\/index.php?rest_route=%2Fwp%2Fv2%2Ftags&post=624001"}],"curies":[{"name":"wp","href":"https:\/\/api.w.org\/{rel}","templated":true}]}}