{"id":624103,"date":"2024-06-27T00:02:24","date_gmt":"2024-06-27T06:02:24","guid":{"rendered":"https:\/\/www.diarioimagen.net\/?p=624103"},"modified":"2024-06-28T00:20:51","modified_gmt":"2024-06-28T06:20:51","slug":"garantiza-edomex-transparencia-en-la-entrega-de-los-programas-sociales","status":"publish","type":"post","link":"https:\/\/www.diarioimagen.net\/?p=624103","title":{"rendered":"Garantiza Edomex transparencia en la entrega de los programas sociales"},"content":{"rendered":"<p>&nbsp;<\/p>\n<ul>\n<li><em><strong>Monitoreo y evaluaci\u00f3n de funcionarios<\/strong><\/em><\/li>\n<\/ul>\n<p>&nbsp;<\/p>\n<div id=\"attachment_624189\" style=\"width: 470px\" class=\"wp-caption aligncenter\"><a href=\"https:\/\/www.diarioimagen.net\/?attachment_id=624189\" rel=\"attachment wp-att-624189\"><img loading=\"lazy\" decoding=\"async\" aria-describedby=\"caption-attachment-624189\" class=\"size-full wp-image-624189\" src=\"https:\/\/www.diarioimagen.net\/wp-content\/uploads\/2024\/06\/garantiza-edomex-transparencia.jpg\" alt=\"\" width=\"460\" height=\"270\" \/><\/a><p id=\"caption-attachment-624189\" class=\"wp-caption-text\">Firma del Acuerdo Espec\u00edfico de Contribuci\u00f3n entre el Consejo de Investigaci\u00f3n y Evaluaci\u00f3n de la Pol\u00edtica Social, organismo sectorizado a la Secretar\u00eda de Bienestar, y el Programa de las Naciones Unidas para el Desarrollo.<\/p><\/div>\n<p>&nbsp;<\/p>\n<p><strong>Toluca, Estado de M\u00e9xico.\u2014<\/strong> Para dar cumplimiento a los objetivos trazados referentes a la transparencia, se llev\u00f3 a cabo la formalizaci\u00f3n del Acuerdo Espec\u00edfico de Contribuci\u00f3n entre el Consejo de Investigaci\u00f3n y Evaluaci\u00f3n de la Pol\u00edtica Social (CIEPS), organismo sectorizado a la Secretar\u00eda de Bienestar, y el Programa de las Naciones Unidas para el Desarrollo (PNUD).<\/p>\n<p>El prop\u00f3sito de esta firma es evaluar, a trav\u00e9s de una metodolog\u00eda con enfoque de la Agenda 2030, el dise\u00f1o de programas de desarrollo social emblemas de la administraci\u00f3n estatal que encabeza la gobernadora Delfina G\u00f3mez \u00c1lvarez, as\u00ed como capacitar en materia de monitoreo y evaluaci\u00f3n a las personas servidoras p\u00fablicas que se encargan de ejecutarlos.<\/p>\n<p>Karla Ortega S\u00e1nchez, Secretaria Ejecutiva del CIEPS, destac\u00f3 la importancia de implementar acciones que contribuyan al fortalecimiento de una cultura de monitoreo y evaluaci\u00f3n.<\/p>\n<p>\u201cEsta labor la realizar\u00e1 con certeza y objetividad el equipo de expertos del PNUD a los programas sociales \u201cMujeres con Bienestar\u201d y \u201cAlimentaci\u00f3n para el Bienestar\u201d, los cuales dirigen su atenci\u00f3n a uno de los m\u00e1s importantes grupos vulnerables que son las mujeres, el pilar de la actual pol\u00edtica social en el Estado de M\u00e9xico, y a quienes se les busca empoderar para lograr un mayor bienestar de la poblaci\u00f3n en general\u201d, indic\u00f3.<\/p>\n<p>Lorenzo Jim\u00e9nez de Luis, Representante Residente del PNUD M\u00e9xico resalt\u00f3 la colaboraci\u00f3n que se ha tenido con la entidad mexiquense desde hace tiempo, al participar en la conformaci\u00f3n de documentos de planeaci\u00f3n y en la generaci\u00f3n de metodolog\u00edas que contemplan un enfoque de g\u00e9nero e inclusi\u00f3n.<\/p>\n","protected":false},"excerpt":{"rendered":"<p>Para dar cumplimiento a los objetivos trazados referentes a la transparencia, se llev\u00f3 a cabo la formalizaci\u00f3n del Acuerdo Espec\u00edfico de Contribuci\u00f3n entre el Consejo de Investigaci\u00f3n y Evaluaci\u00f3n de la Pol\u00edtica Social (CIEPS), organismo sectorizado a la Secretar\u00eda de Bienestar, y el Programa de las Naciones Unidas para el Desarrollo (PNUD).<\/p>\n","protected":false},"author":3,"featured_media":624189,"comment_status":"open","ping_status":"open","sticky":false,"template":"","format":"standard","meta":{"_monsterinsights_skip_tracking":false,"_monsterinsights_sitenote_active":false,"_monsterinsights_sitenote_note":"","_monsterinsights_sitenote_category":0,"footnotes":""},"categories":[5],"tags":[43675,18419,452],"class_list":["post-624103","post","type-post","status-publish","format-standard","has-post-thumbnail","hentry","category-estado-de-mexico","tag-estado-de-mexico","tag-programas-sociales","tag-toluca"],"_links":{"self":[{"href":"https:\/\/www.diarioimagen.net\/index.php?rest_route=\/wp\/v2\/posts\/624103","targetHints":{"allow":["GET"]}}],"collection":[{"href":"https:\/\/www.diarioimagen.net\/index.php?rest_route=\/wp\/v2\/posts"}],"about":[{"href":"https:\/\/www.diarioimagen.net\/index.php?rest_route=\/wp\/v2\/types\/post"}],"author":[{"embeddable":true,"href":"https:\/\/www.diarioimagen.net\/index.php?rest_route=\/wp\/v2\/users\/3"}],"replies":[{"embeddable":true,"href":"https:\/\/www.diarioimagen.net\/index.php?rest_route=%2Fwp%2Fv2%2Fcomments&post=624103"}],"version-history":[{"count":0,"href":"https:\/\/www.diarioimagen.net\/index.php?rest_route=\/wp\/v2\/posts\/624103\/revisions"}],"wp:featuredmedia":[{"embeddable":true,"href":"https:\/\/www.diarioimagen.net\/index.php?rest_route=\/wp\/v2\/media\/624189"}],"wp:attachment":[{"href":"https:\/\/www.diarioimagen.net\/index.php?rest_route=%2Fwp%2Fv2%2Fmedia&parent=624103"}],"wp:term":[{"taxonomy":"category","embeddable":true,"href":"https:\/\/www.diarioimagen.net\/index.php?rest_route=%2Fwp%2Fv2%2Fcategories&post=624103"},{"taxonomy":"post_tag","embeddable":true,"href":"https:\/\/www.diarioimagen.net\/index.php?rest_route=%2Fwp%2Fv2%2Ftags&post=624103"}],"curies":[{"name":"wp","href":"https:\/\/api.w.org\/{rel}","templated":true}]}}