{"id":624247,"date":"2024-06-28T00:01:53","date_gmt":"2024-06-28T06:01:53","guid":{"rendered":"https:\/\/www.diarioimagen.net\/?p=624247"},"modified":"2024-07-01T02:31:50","modified_gmt":"2024-07-01T08:31:50","slug":"sociedad-debe-avanzar-en-promocion-de-derechos-de-la-comunidad-lgbtttiq-magistrado-rafael-guerra-alvarez","status":"publish","type":"post","link":"https:\/\/www.diarioimagen.net\/?p=624247","title":{"rendered":"Sociedad debe avanzar en promoci\u00f3n de\u00a0derechos\u00a0de la comunidad LGBTTTIQ+: magistrado Rafael Guerra \u00c1lvarez"},"content":{"rendered":"<p>&nbsp;<\/p>\n<ul>\n<li><strong><em>As\u00ed lo subray\u00f3 el presidente del \u00f3rgano judicial, en la conmemoraci\u00f3n en la instituci\u00f3n de D\u00eda Internacional del Orgullo LGBTTTIQ+, cuya jornada pint\u00f3 con los colores alusivos a la causa el edificio de Ni\u00f1os H\u00e9roes 132<\/em><\/strong><\/li>\n<\/ul>\n<p>&nbsp;<\/p>\n<div id=\"attachment_624361\" style=\"width: 470px\" class=\"wp-caption aligncenter\"><a href=\"https:\/\/www.diarioimagen.net\/?attachment_id=624361\" rel=\"attachment wp-att-624361\"><img loading=\"lazy\" decoding=\"async\" aria-describedby=\"caption-attachment-624361\" class=\"size-full wp-image-624361\" src=\"https:\/\/www.diarioimagen.net\/wp-content\/uploads\/2024\/06\/tribunal-10.jpg\" alt=\"\" width=\"460\" height=\"270\" \/><\/a><p id=\"caption-attachment-624361\" class=\"wp-caption-text\">Por mucho tiempo, dijo en la inauguraci\u00f3n el magistrado Rafael Guerra \u00c1lvarez, la historia de la diversidad sexual ha sido una narrativa de lucha por la igualdad y el respeto.<\/p><\/div>\n<p>&nbsp;<\/p>\n<p>En una jornada que pint\u00f3 con los colores del orgullo LGBTTTIQ+ al Poder Judicial de la Ciudad de M\u00e9xico (PJCDMX), su presidente, magistrado Rafael Guerra \u00c1lvarez, enfatiz\u00f3 que la sociedad debe avanzar hacia la promoci\u00f3n de los derechos de esa comunidad a la justicia, a la equidad, a la toma de decisiones sobre pol\u00edticas p\u00fablicas y al reconocimiento de su aportaci\u00f3n hist\u00f3rica.<\/p>\n<p>Al encabezar la conmemoraci\u00f3n del D\u00eda Internacional del Orgullo LGBTTTIQ+ en el \u00f3rgano judicial capitalino, el magistrado dijo ante integrantes de esa comunidad, invitados por la instituci\u00f3n, que por mucho tiempo la historia de la diversidad sexual ha sido una narrativa de lucha por la igualdad y el respeto.<\/p>\n<p>En la sede de Ni\u00f1os H\u00e9roes 132, en cuya fachada se coloc\u00f3 una bandera monumental con los colores del orgullo l\u00e9sbico gay, subray\u00f3 que PJCDMX reconoce y respeta la diversidad sexual de todas las personas, el valor de la causa social de su lucha, as\u00ed como su inmenso significado hist\u00f3rico.<\/p>\n<p>Tras iniciar la conmemoraci\u00f3n de la efem\u00e9ride en la explanada del edificio, acompa\u00f1ado de consejeras y consejeros de la Judicatura, magistradas, magistrados, juezas y jueces, as\u00ed como personal de \u00e1reas administrativas y de apoyo judicial, Guerra \u00c1lvarez atestigu\u00f3 la presentaci\u00f3n musical de la artista perteneciente a la comunidad, Anastasia Moreno.<\/p>\n<p>Tras recorrer una breve exposici\u00f3n sobre la lucha LGBTTTIQ+, y acompa\u00f1ado por la presidenta del Consejo para Prevenir y Eliminar la Discriminaci\u00f3n de la Ciudad de M\u00e9xico, Geraldina Gonz\u00e1lez de la Vega, Guerra \u00c1lvarez inaugur\u00f3 los actos conmemorativos, con un discurso en el que asegur\u00f3 que \u201cluchamos\u201d para que el amor propio y la identidad no sean una d\u00e1diva del Estado. Debe ser, abund\u00f3, una determinaci\u00f3n de cada persona, la cual debe ser respetada.<\/p>\n<p>\u201cEs as\u00ed como recordamos a las y los pioneros, las activistas, los disidentes, las voces que desafiaron el orden de la discriminaci\u00f3n y el estado de la ignorancia\u201d, destac\u00f3.<\/p>\n<p>A su vez, Gonz\u00e1lez de la Vega dijo que a pesar de que a\u00fan la comunidad LGBTTTIQ+ encuentra muchas resistencias, hoy se puede encontrar un Tribunal Superior de Justicia, el tribunal m\u00e1s grande, con casi 500 impartidores de justicia, que reconoce la diversidad.<\/p>\n<p>\u201cEsto me parece un s\u00edmbolo fundamental e important\u00edsimo para el acceso a la justicia como una llave para la exigencia de nuestros derechos, que han estado negados por d\u00e9cadas, por siglos, a muchas personas por su identidad y espec\u00edficamente por la orientaci\u00f3n sexual no heterosexual\u201d, subray\u00f3.<\/p>\n<p>Entre otras actividades, en esta jornada se proyect\u00f3 el video <em>Arco\u00edris de la diversidad sexual<\/em>, y en uno de los stands, los participantes tuvieron la oportunidad de dejar un mensaje alusivo a la conmemoraci\u00f3n. Adem\u00e1s, se llev\u00f3 a cabo el conversatorio <em>Historia y evoluci\u00f3n de la diversidad sexual desde sus distintos \u00e1mbitos de participaci\u00f3n<\/em>, en la que se abord\u00f3 las vicisitudes que afrontan en la cotidianeidad la infancia y la juventud perteneciente a la comunidad LGBTTTIQ+.<\/p>\n<p>En el cierre de las actividades, la consejera de la Judicatura, Irma Guadalupe Garc\u00eda Mendoza, presidenta del Comit\u00e9 para Incluir la Perspectiva de G\u00e9nero del PJCDMX, sostuvo que en la instituci\u00f3n lo que se pretende es se\u00f1alar que \u201cestamos conscientes de las libertades, de las igualdades y de la no discriminaci\u00f3n\u201d.<\/p>\n<p>\u201cNuestro trabajo es luchar porque jueces, juezas, magistradas y magistrados visualicemos los contextos, que son a veces de violencia\u201d, precis\u00f3.<\/p>\n<p>La conmemoraci\u00f3n estuvo amenizada por el Coro del Poder Judicial de la Ciudad de M\u00e9xico, integrado por personas jubiladas de la instituci\u00f3n, quienes recibieron un reconocimiento por parte del magistrado Guerra \u00c1lvarez.<\/p>\n","protected":false},"excerpt":{"rendered":"<p>&nbsp; As\u00ed lo subray\u00f3 el presidente del \u00f3rgano judicial, en la conmemoraci\u00f3n en la instituci\u00f3n de D\u00eda Internacional del Orgullo LGBTTTIQ+, cuya jornada pint\u00f3 con los colores alusivos a la causa el edificio de Ni\u00f1os H\u00e9roes 132 &nbsp; &nbsp; En una jornada que pint\u00f3 con los colores del orgullo LGBTTTIQ+ al Poder Judicial de la [&hellip;]<\/p>\n","protected":false},"author":3,"featured_media":624361,"comment_status":"open","ping_status":"open","sticky":false,"template":"","format":"standard","meta":{"_monsterinsights_skip_tracking":false,"_monsterinsights_sitenote_active":false,"_monsterinsights_sitenote_note":"","_monsterinsights_sitenote_category":0,"footnotes":""},"categories":[6],"tags":[65705,79895,79994],"class_list":["post-624247","post","type-post","status-publish","format-standard","has-post-thumbnail","hentry","category-cd-de-mexico","tag-derechos","tag-lgbtttiq","tag-rafael-guerra-alvarez"],"_links":{"self":[{"href":"https:\/\/www.diarioimagen.net\/index.php?rest_route=\/wp\/v2\/posts\/624247","targetHints":{"allow":["GET"]}}],"collection":[{"href":"https:\/\/www.diarioimagen.net\/index.php?rest_route=\/wp\/v2\/posts"}],"about":[{"href":"https:\/\/www.diarioimagen.net\/index.php?rest_route=\/wp\/v2\/types\/post"}],"author":[{"embeddable":true,"href":"https:\/\/www.diarioimagen.net\/index.php?rest_route=\/wp\/v2\/users\/3"}],"replies":[{"embeddable":true,"href":"https:\/\/www.diarioimagen.net\/index.php?rest_route=%2Fwp%2Fv2%2Fcomments&post=624247"}],"version-history":[{"count":0,"href":"https:\/\/www.diarioimagen.net\/index.php?rest_route=\/wp\/v2\/posts\/624247\/revisions"}],"wp:featuredmedia":[{"embeddable":true,"href":"https:\/\/www.diarioimagen.net\/index.php?rest_route=\/wp\/v2\/media\/624361"}],"wp:attachment":[{"href":"https:\/\/www.diarioimagen.net\/index.php?rest_route=%2Fwp%2Fv2%2Fmedia&parent=624247"}],"wp:term":[{"taxonomy":"category","embeddable":true,"href":"https:\/\/www.diarioimagen.net\/index.php?rest_route=%2Fwp%2Fv2%2Fcategories&post=624247"},{"taxonomy":"post_tag","embeddable":true,"href":"https:\/\/www.diarioimagen.net\/index.php?rest_route=%2Fwp%2Fv2%2Ftags&post=624247"}],"curies":[{"name":"wp","href":"https:\/\/api.w.org\/{rel}","templated":true}]}}