{"id":624255,"date":"2024-06-28T00:07:56","date_gmt":"2024-06-28T06:07:56","guid":{"rendered":"https:\/\/www.diarioimagen.net\/?p=624255"},"modified":"2024-07-01T02:32:04","modified_gmt":"2024-07-01T08:32:04","slug":"coordinacion-fuerza-y-explosividad-fundamentales-en-el-boxeo-carmita-de-los-angeles-herrera-lopez","status":"publish","type":"post","link":"https:\/\/www.diarioimagen.net\/?p=624255","title":{"rendered":"Coordinaci\u00f3n, fuerza y explosividad, fundamentales en el boxeo: Carmita\u00a0de\u00a0los\u00a0\u00c1ngeles\u00a0Herrera\u00a0L\u00f3pez"},"content":{"rendered":"<p>&nbsp;<\/p>\n<div id=\"attachment_624363\" style=\"width: 470px\" class=\"wp-caption aligncenter\"><a href=\"https:\/\/www.diarioimagen.net\/?attachment_id=624363\" rel=\"attachment wp-att-624363\"><img loading=\"lazy\" decoding=\"async\" aria-describedby=\"caption-attachment-624363\" class=\"size-full wp-image-624363\" src=\"https:\/\/www.diarioimagen.net\/wp-content\/uploads\/2024\/06\/uaem-coordinacion-fuerza.jpg\" alt=\"\" width=\"460\" height=\"270\" \/><\/a><p id=\"caption-attachment-624363\" class=\"wp-caption-text\">La estudiante de la Facultad de Derecho comenz\u00f3 en el deporte practicando karate, a los siete a\u00f1os de edad; posteriormente, b\u00e1squetbol, y finalmente se encontr\u00f3 con el ring en su carrera universitaria.<\/p><\/div>\n<p>&nbsp;<\/p>\n<p><strong>Toluca, Estado de M\u00e9xico.<\/strong>\u2014 Tras admitir que ha sido una de las competencias que m\u00e1s le ha exigido, Carmita de los \u00c1ngeles Herrera L\u00f3pez, estudiante de la Facultad de Derecho de la Universidad Aut\u00f3noma del Estado de M\u00e9xico (UAEM\u00e9x), consigui\u00f3 medalla de plata en la Universiada Nacional Aguascalientes 2024.<\/p>\n<p>\u201cEstuve trabajando muy duro durante un a\u00f1o. La meta de esta temporada era m\u00e1s fuerte, logramos llegar a una final y todo el esfuerzo que se hizo lo demuestra la medalla. Me siento feliz por el resultado\u201d, expres\u00f3 la estudiante de octavo semestre de la Licenciatura en Derecho.<\/p>\n<p>Herrera L\u00f3pez se inici\u00f3 en el deporte de los pu\u00f1os a los 17 a\u00f1os. Su fortaleza la llev\u00f3 al \u00e9xito. \u201cMe representa m\u00e1s la constancia, no solo en el boxeo, sino en la vida. Combinar lo que hago en un d\u00eda me ha costado trabajo y algo dentro de m\u00ed me motiva a ser constante en las actividades que realizo para lograr mis metas\u201d, puntualiz\u00f3 la medallista.<\/p>\n<p>El boxeo y la carrera de Derecho son una combinaci\u00f3n perfecta para Carmita, ya que ambos comparten t\u00e1cticas de combate. \u201cSe debe saber que detr\u00e1s de las cosas es importante tener una estrategia para encontrar los resultados\u201d, subray\u00f3.<\/p>\n<p>Carmita recuerda que su comienzo en el deporte fue practicando karate, a los siete a\u00f1os de edad, y, posteriormente, practic\u00f3 b\u00e1squetbol. Considera que haber participado en la Copa Estado de M\u00e9xico 2022, donde logr\u00f3 un subcampeonato, y en la Universiada 2023, que se realiz\u00f3 en Sonora, ganando medalla de bronce, han sido retos importantes que forjaron su carrera y le permitieron crecer como deportista.<\/p>\n<p>El equipo que ha formado con su entrenador, Sim\u00f3n Reyes, le ha llevado a mejorar en el pugilismo. \u201cEs un deporte donde trabajas la coordinaci\u00f3n, la fuerza y la explosividad. Tienes que ver c\u00f3mo tu cuerpo te permite avanzar\u201d, se\u00f1al\u00f3 la universitaria.<\/p>\n<p>Refiere que valores como ser honesta, perseverante, disciplinada, leal y constante son fundamentales para desarrollarse en el ring, pero tambi\u00e9n en el \u00e1mbito profesional. Herrera L\u00f3pez busca motivar a las siguientes generaciones a que sigan trabajando por sus sue\u00f1os. En ocasiones el miedo bien controlado puede ser de ayuda para lograr las metas que se persiguen, concluy\u00f3.<\/p>\n","protected":false},"excerpt":{"rendered":"<p>Tras admitir que ha sido una de las competencias que m\u00e1s le ha exigido, Carmita de los \u00c1ngeles Herrera L\u00f3pez, estudiante de la Facultad de Derecho de la Universidad Aut\u00f3noma del Estado de M\u00e9xico (UAEM\u00e9x), consigui\u00f3 medalla de plata en la Universiada Nacional Aguascalientes 2024.<\/p>\n","protected":false},"author":3,"featured_media":624363,"comment_status":"open","ping_status":"open","sticky":false,"template":"","format":"standard","meta":{"_monsterinsights_skip_tracking":false,"_monsterinsights_sitenote_active":false,"_monsterinsights_sitenote_note":"","_monsterinsights_sitenote_category":0,"footnotes":""},"categories":[5],"tags":[11891,67878],"class_list":["post-624255","post","type-post","status-publish","format-standard","has-post-thumbnail","hentry","category-estado-de-mexico","tag-boxeo","tag-uaemex"],"_links":{"self":[{"href":"https:\/\/www.diarioimagen.net\/index.php?rest_route=\/wp\/v2\/posts\/624255","targetHints":{"allow":["GET"]}}],"collection":[{"href":"https:\/\/www.diarioimagen.net\/index.php?rest_route=\/wp\/v2\/posts"}],"about":[{"href":"https:\/\/www.diarioimagen.net\/index.php?rest_route=\/wp\/v2\/types\/post"}],"author":[{"embeddable":true,"href":"https:\/\/www.diarioimagen.net\/index.php?rest_route=\/wp\/v2\/users\/3"}],"replies":[{"embeddable":true,"href":"https:\/\/www.diarioimagen.net\/index.php?rest_route=%2Fwp%2Fv2%2Fcomments&post=624255"}],"version-history":[{"count":0,"href":"https:\/\/www.diarioimagen.net\/index.php?rest_route=\/wp\/v2\/posts\/624255\/revisions"}],"wp:featuredmedia":[{"embeddable":true,"href":"https:\/\/www.diarioimagen.net\/index.php?rest_route=\/wp\/v2\/media\/624363"}],"wp:attachment":[{"href":"https:\/\/www.diarioimagen.net\/index.php?rest_route=%2Fwp%2Fv2%2Fmedia&parent=624255"}],"wp:term":[{"taxonomy":"category","embeddable":true,"href":"https:\/\/www.diarioimagen.net\/index.php?rest_route=%2Fwp%2Fv2%2Fcategories&post=624255"},{"taxonomy":"post_tag","embeddable":true,"href":"https:\/\/www.diarioimagen.net\/index.php?rest_route=%2Fwp%2Fv2%2Ftags&post=624255"}],"curies":[{"name":"wp","href":"https:\/\/api.w.org\/{rel}","templated":true}]}}