{"id":624265,"date":"2024-06-28T00:03:12","date_gmt":"2024-06-28T06:03:12","guid":{"rendered":"https:\/\/www.diarioimagen.net\/?p=624265"},"modified":"2024-06-28T02:36:23","modified_gmt":"2024-06-28T08:36:23","slug":"atienden-gobiernos-de-cuautitlan-izcalli-y-el-estatal-afectaciones-por-lluvia","status":"publish","type":"post","link":"https:\/\/www.diarioimagen.net\/?p=624265","title":{"rendered":"Atienden gobiernos de Cuautitl\u00e1n Izcalli y el estatal afectaciones por lluvia"},"content":{"rendered":"<p>&nbsp;<\/p>\n<ul>\n<li><em><strong>Exhorto a no tirar basura en la calle<\/strong><\/em><\/li>\n<\/ul>\n<p>&nbsp;<\/p>\n<div id=\"attachment_624395\" style=\"width: 470px\" class=\"wp-caption aligncenter\"><a href=\"https:\/\/www.diarioimagen.net\/?attachment_id=624395\" rel=\"attachment wp-att-624395\"><img loading=\"lazy\" decoding=\"async\" aria-describedby=\"caption-attachment-624395\" class=\"size-full wp-image-624395\" src=\"https:\/\/www.diarioimagen.net\/wp-content\/uploads\/2024\/06\/atienden-gobiernos.jpg\" alt=\"\" width=\"460\" height=\"270\" \/><\/a><p id=\"caption-attachment-624395\" class=\"wp-caption-text\">La alcaldesa Karla Fiesco recorri\u00f3 las zonas aleda\u00f1as a la Presa El \u00c1ngulo supervisando los trabajos de limpieza\u00a0y remoci\u00f3n de desechos.<\/p><\/div>\n<p>&nbsp;<\/p>\n<p><strong>Cuautitl\u00e1n Izcalli, Estado de M\u00e9xico.\u2014<\/strong> Derivado de las lluvias intensas registradas la noche de ayer en el municipio de Cuautitl\u00e1n Izcalli y Atizap\u00e1n de Zaragoza, en la Presa El \u00c1ngulo desde el mi\u00e9rcoles por la noche y la madrugada del jueves se tiene un operativo permanente para evitar afectaciones con trabajos de limpieza por parte de Protecci\u00f3n Civil y Bomberos, Desarrollo Urbano e Infraestructura, Operagua, Servicios P\u00fablicos y Comisar\u00eda General de Seguridad Ciudadana en coordinaci\u00f3n con Protecci\u00f3n Civil, Secretar\u00eda del gobierno del Estado de M\u00e9xico y el general de la brigada Miguel \u00c1ngel Rodr\u00edguez Guti\u00e9rrez comandante de la Zona Militar 37.<\/p>\n<p>La presidenta municipal, Karla Fiesco, se encuentra recorriendo las zonas aleda\u00f1as a la presa El \u00c1ngulo supervisando los trabajos de limpieza y remoci\u00f3n de desechos de la presa, para evitar que las pr\u00f3ximas lluvias ocasionen el desborde de la misma. Asimismo, se visitan hogares afectados en el territorio para levantar una minuta de la situaci\u00f3n.<\/p>\n<p>El gobierno de Cuautitl\u00e1n Izcalli hace un llamado a la poblaci\u00f3n a no tirar basura en las calles y cuerpos de agua, ya que es una de las causas principales de inundaci\u00f3n. Se exhorta a los izcallenses a mantenerse informados a trav\u00e9s de las redes sociales oficiales y sigan las indicaciones de las autoridades competentes.<\/p>\n","protected":false},"excerpt":{"rendered":"<p>Derivado de las lluvias intensas registradas la noche de ayer en el municipio de Cuautitl\u00e1n Izcalli y Atizap\u00e1n de Zaragoza, en la Presa El \u00c1ngulo desde el mi\u00e9rcoles por la noche y la madrugada del jueves se tiene un operativo permanente para evitar afectaciones con trabajos de limpieza por parte de Protecci\u00f3n Civil y Bomberos, Desarrollo Urbano e Infraestructura, Operagua, Servicios P\u00fablicos y Comisar\u00eda General de Seguridad Ciudadana en coordinaci\u00f3n con Protecci\u00f3n Civil, Secretar\u00eda del gobierno del Estado de M\u00e9xico y el general de la brigada Miguel \u00c1ngel Rodr\u00edguez Guti\u00e9rrez comandante de la Zona Militar 37.<\/p>\n","protected":false},"author":3,"featured_media":624395,"comment_status":"open","ping_status":"open","sticky":false,"template":"","format":"standard","meta":{"_monsterinsights_skip_tracking":false,"_monsterinsights_sitenote_active":false,"_monsterinsights_sitenote_note":"","_monsterinsights_sitenote_category":0,"footnotes":""},"categories":[5],"tags":[18179,971,43675,4938],"class_list":["post-624265","post","type-post","status-publish","format-standard","has-post-thumbnail","hentry","category-estado-de-mexico","tag-basura","tag-cuautitlan-izcalli","tag-estado-de-mexico","tag-lluvia"],"_links":{"self":[{"href":"https:\/\/www.diarioimagen.net\/index.php?rest_route=\/wp\/v2\/posts\/624265","targetHints":{"allow":["GET"]}}],"collection":[{"href":"https:\/\/www.diarioimagen.net\/index.php?rest_route=\/wp\/v2\/posts"}],"about":[{"href":"https:\/\/www.diarioimagen.net\/index.php?rest_route=\/wp\/v2\/types\/post"}],"author":[{"embeddable":true,"href":"https:\/\/www.diarioimagen.net\/index.php?rest_route=\/wp\/v2\/users\/3"}],"replies":[{"embeddable":true,"href":"https:\/\/www.diarioimagen.net\/index.php?rest_route=%2Fwp%2Fv2%2Fcomments&post=624265"}],"version-history":[{"count":0,"href":"https:\/\/www.diarioimagen.net\/index.php?rest_route=\/wp\/v2\/posts\/624265\/revisions"}],"wp:featuredmedia":[{"embeddable":true,"href":"https:\/\/www.diarioimagen.net\/index.php?rest_route=\/wp\/v2\/media\/624395"}],"wp:attachment":[{"href":"https:\/\/www.diarioimagen.net\/index.php?rest_route=%2Fwp%2Fv2%2Fmedia&parent=624265"}],"wp:term":[{"taxonomy":"category","embeddable":true,"href":"https:\/\/www.diarioimagen.net\/index.php?rest_route=%2Fwp%2Fv2%2Fcategories&post=624265"},{"taxonomy":"post_tag","embeddable":true,"href":"https:\/\/www.diarioimagen.net\/index.php?rest_route=%2Fwp%2Fv2%2Ftags&post=624265"}],"curies":[{"name":"wp","href":"https:\/\/api.w.org\/{rel}","templated":true}]}}