{"id":624269,"date":"2024-06-28T00:04:58","date_gmt":"2024-06-28T06:04:58","guid":{"rendered":"https:\/\/www.diarioimagen.net\/?p=624269"},"modified":"2024-06-28T02:36:49","modified_gmt":"2024-06-28T08:36:49","slug":"habra-sanciones-a-quienes-invadan-carriles-del-mexibus-en-edomex","status":"publish","type":"post","link":"https:\/\/www.diarioimagen.net\/?p=624269","title":{"rendered":"Habr\u00e1 sanciones a quienes invadan carriles del Mexib\u00fas en Edomex"},"content":{"rendered":"<p>&nbsp;<\/p>\n<p><a href=\"https:\/\/www.diarioimagen.net\/?attachment_id=624399\" rel=\"attachment wp-att-624399\"><img loading=\"lazy\" decoding=\"async\" class=\"aligncenter size-full wp-image-624399\" src=\"https:\/\/www.diarioimagen.net\/wp-content\/uploads\/2024\/06\/habra-sanciones.jpg\" alt=\"\" width=\"460\" height=\"270\" \/><\/a><\/p>\n<p>&nbsp;<\/p>\n<p>En dos meses arrancar\u00e1 el programa de fotos multas para aquellos que no respeten la exclusividad del carril confinado del Mexib\u00fas en el Estado de M\u00e9xico. La informaci\u00f3n fue proporcionada por el titular de la Secretar\u00eda de Movilidad, Daniel Sibaja.<\/p>\n<p>El funcionario estatal remarc\u00f3 que las infracciones digitales solo se aplicar\u00e1n en el carril confinado. Y las multas ser\u00e1n de 20 UMAs (unos 2 mil 600 pesos), la mitad del monto de las que se aplican en la Ciudad de M\u00e9xico. En una primera etapa, inform\u00f3, habr\u00e1 90 c\u00e1maras distribuidas en los carriles exclusivos de municipios del valle de M\u00e9xico. Entre ellos en Ecatepec, Nezahualc\u00f3yotl, Coacalco, Tultitl\u00e1n y Cuautitl\u00e1n, entre otros.<\/p>\n<p>&nbsp;<\/p>\n","protected":false},"excerpt":{"rendered":"<p>En dos meses arrancar\u00e1 el programa de fotos multas para aquellos que no respeten la exclusividad del carril confinado del Mexib\u00fas en el Estado de M\u00e9xico. La informaci\u00f3n fue proporcionada por el titular de la Secretar\u00eda de Movilidad, Daniel Sibaja.<\/p>\n","protected":false},"author":3,"featured_media":624399,"comment_status":"open","ping_status":"open","sticky":false,"template":"","format":"standard","meta":{"_monsterinsights_skip_tracking":false,"_monsterinsights_sitenote_active":false,"_monsterinsights_sitenote_note":"","_monsterinsights_sitenote_category":0,"footnotes":""},"categories":[5],"tags":[100196,11815,2967],"class_list":["post-624269","post","type-post","status-publish","format-standard","has-post-thumbnail","hentry","category-estado-de-mexico","tag-invada","tag-mexibus","tag-sanciones"],"_links":{"self":[{"href":"https:\/\/www.diarioimagen.net\/index.php?rest_route=\/wp\/v2\/posts\/624269","targetHints":{"allow":["GET"]}}],"collection":[{"href":"https:\/\/www.diarioimagen.net\/index.php?rest_route=\/wp\/v2\/posts"}],"about":[{"href":"https:\/\/www.diarioimagen.net\/index.php?rest_route=\/wp\/v2\/types\/post"}],"author":[{"embeddable":true,"href":"https:\/\/www.diarioimagen.net\/index.php?rest_route=\/wp\/v2\/users\/3"}],"replies":[{"embeddable":true,"href":"https:\/\/www.diarioimagen.net\/index.php?rest_route=%2Fwp%2Fv2%2Fcomments&post=624269"}],"version-history":[{"count":0,"href":"https:\/\/www.diarioimagen.net\/index.php?rest_route=\/wp\/v2\/posts\/624269\/revisions"}],"wp:featuredmedia":[{"embeddable":true,"href":"https:\/\/www.diarioimagen.net\/index.php?rest_route=\/wp\/v2\/media\/624399"}],"wp:attachment":[{"href":"https:\/\/www.diarioimagen.net\/index.php?rest_route=%2Fwp%2Fv2%2Fmedia&parent=624269"}],"wp:term":[{"taxonomy":"category","embeddable":true,"href":"https:\/\/www.diarioimagen.net\/index.php?rest_route=%2Fwp%2Fv2%2Fcategories&post=624269"},{"taxonomy":"post_tag","embeddable":true,"href":"https:\/\/www.diarioimagen.net\/index.php?rest_route=%2Fwp%2Fv2%2Ftags&post=624269"}],"curies":[{"name":"wp","href":"https:\/\/api.w.org\/{rel}","templated":true}]}}