{"id":624310,"date":"2024-06-28T00:00:34","date_gmt":"2024-06-28T06:00:34","guid":{"rendered":"https:\/\/www.diarioimagen.net\/?p=624310"},"modified":"2024-06-28T01:42:30","modified_gmt":"2024-06-28T07:42:30","slug":"felicita-consejo-mundial-de-viajes-y-turismo-a-claudia-sheinbaum","status":"publish","type":"post","link":"https:\/\/www.diarioimagen.net\/?p=624310","title":{"rendered":"Felicita Consejo Mundial de Viajes y\u00a0Turismo a Claudia Sheinbaum"},"content":{"rendered":"<h2>Hora 14<\/h2>\n<h5>Mauricio Conde Olivares<\/h5>\n<p>&nbsp;<\/p>\n<p>Al considerar que M\u00e9xico es una potencia en materia tur\u00edstica, Julia Simpson, presidenta del Consejo Mundial de Viajes y Turismo (WTTC por sus siglas en ingl\u00e9s) consider\u00f3 necesario que todo el pa\u00eds sea representado mediante un sistema de marketing a nivel nacional y no solamente regional, como ocurre con Canc\u00fan y la Riviera Maya, que lo hacen muy bien.<\/p>\n<p>Es muy importante, aclar\u00f3 en su visita a Canc\u00fan, que el \u00e9xito de esta regi\u00f3n del sureste mexicano sea amplificado con un apoyo nacional para competir con otras naciones.<\/p>\n<p>Tambi\u00e9n, extern\u00f3 una felicitaci\u00f3n a la Presidenta electa, Claudia Sheinbaum, estoy segura que ella sabe que nuestro sector hoy en d\u00eda aporta el 14% del PIB Nacional y en el futuro la posibilidad de alcanzar el 16%, lo que implica que tomen en cuenta al sector tur\u00edstico al m\u00e1s alto nivel.<br \/>\n\u201cEstamos muy orgullosos que es la primera Presidenta mujer\u201d, subray\u00f3 Simpson.<\/p>\n<p>Mencion\u00f3 que se reuni\u00f3 con los l\u00edderes empresariales tur\u00edsticos a nivel mundial y de Quintana Roo, tambi\u00e9n ya se reunieron con el Consejo Coordinador Empresarial (CCE) en la CDMX, acordamos trabajar m\u00e1s juntos, como en el caso de atender a los ni\u00f1os vulnerables en el tr\u00e1fico de sexo, estamos todos unidos para que nuestro sector econ\u00f3mico no sea refugio para este il\u00edcito.<\/p>\n<p>Hace dos meses, cit\u00f3, estuvimos en la capital de Estados Unidos y vimos el asunto de las visas y tambi\u00e9n estuvimos en China, por lo que este problema de visados no solo es de M\u00e9xico; en los que se considera de una manera muy activa el uso de nuevas tecnolog\u00edas biom\u00e9tricas.<\/p>\n<p>El \u00e9xito de M\u00e9xico es primero por su producto tur\u00edstico, es un pa\u00eds bell\u00edsimo que est\u00e1 totalmente rodeado de mar y su gente en materia de servicio es incre\u00edble, no hay un lugar en el mundo con este nivel de servicio. Incluso, conozco un empresario que se lleva a mexicanos para trabajar en Saudiarabia, invirtiendo un trill\u00f3n de d\u00f3lares en formar su riqueza tur\u00edstica.<br \/>\nAdem\u00e1s, asegur\u00f3, tiene M\u00e9xico un patrimonio arqueol\u00f3gico y una fenomenal gastronom\u00eda; lo tiene todo, con un gran potencial del llamado turismo nacional.<\/p>\n<p>Nuestro sector en promedio emplea m\u00e1s mujeres y j\u00f3venes; levantando gente de una econom\u00eda informal a una formal, argument\u00f3.<\/p>\n<p>Respecto al sargazo, la titular del WTTC, cit\u00f3 que se debe ver este caso como una oportunidad de sacar provecho econ\u00f3mico de un producto org\u00e1nico, en lugar de solamente verlo como un problema.<\/p>\n<p>En cuanto a la Trata de Personas, dijo Julia Simpson que uno de cada cuatro ni\u00f1as en el mundo es abusada y uno de cada 10 ni\u00f1os, desgraciadamente sucede en muchos casos con personas conocidas, pues sabemos que hay redes criminales a nivel internacional que utilizan tambi\u00e9n la tecnolog\u00eda en este lado negativo para identificar v\u00edctimas y tenemos que seguir trabajando.<\/p>\n<p>Tiene WTTC un programa muy espec\u00edfico con Naciones Unidas para atender este problema para incrementar las redes de apoyo en el sector tur\u00edstico, as\u00ed como la capacitaci\u00f3n no solo de los empleados sino tambi\u00e9n de los turistas, e incrementar la cooperaci\u00f3n tanto a nivel nacional como internacional.<\/p>\n<p>Para dignificar el salario de los trabajadores tur\u00edsticos que es muy bajo, como el caso de los propineros, concluy\u00f3 que se tiene que trabajar mucho con los empresarios tur\u00edsticos y gobiernos locales para que no solo tengan beneficios salariales sino en su entorno; adem\u00e1s que las propinas se repartan de una manera justa.<\/p>\n<p>Tambi\u00e9n, le comento que anteriormente, la gobernadora Mara Lezama Espinosa sostuvo una reuni\u00f3n de trabajo con la presidenta del Consejo Mundial de Viajes y Turismo (WTTC) Julia Simpson para fortalecer y hacer m\u00e1s s\u00f3lida la colaboraci\u00f3n particularmente en Canc\u00fan y Quintana Roo, en el marco de la Nueva Era del Turismo.<\/p>\n<p>Durante esta reuni\u00f3n se analizaron temas como el establecimiento de un plan de acci\u00f3n para la sostenibilidad a trav\u00e9s de la iniciativa Hotel Sustainability Basics y discutir el proceso de verificaci\u00f3n para los hoteles en la regi\u00f3n as\u00ed como para identificar y acordar iniciativas y colaboraciones espec\u00edficas que puedan mejorar la industria tur\u00edstica en Quintana Roo y el fortalecimiento de inversi\u00f3n y pol\u00edticas de facilitaci\u00f3n.<\/p>\n<p>En Quintana Roo el turismo es el motor de la econom\u00eda y fuente de ingresos de miles de hombres y mujeres y a trav\u00e9s del Nuevo Acuerdo por el Bienestar y Desarrollo que impulsa la gobernadora Mara Lezama desde el primer d\u00eda de su administraci\u00f3n, se trabaja para que ese \u00e9xito tur\u00edstico se refleje en prosperidad compartida en quienes participan en el sector.<\/p>\n<p>Por medio de la Nueva Era del Turismo se busca que ese \u00e9xito se ampl\u00ede hacia el centro y sur del estado, potenciando los destinos de las comunidades mayas con sus atractivos naturales, culturales, artesanales, pero, sobre todo, la amabilidad y calidez de su gente. A la vez, contribuyendo a la protecci\u00f3n del medio ambiente.<\/p>\n<p>La presidenta de la WTTC, Julia Simpson, tiene entre sus prioridades que en la pr\u00f3xima d\u00e9cada las mujeres alcancen los niveles m\u00e1s altos de empleos en el sector tur\u00edstico en Am\u00e9rica Latina, que coincide con los objetivos del gobierno humanista y progresista de Mara Lezama para el empoderamiento femenino.<\/p>\n<p>Julia Simpson destac\u00f3 el papel de Quintana Roo en materia de sustentabilidad con las acciones que se implementan para fomentar el cuidado ambiente y el crecimiento econ\u00f3mico con sostenibilidad. \u201cQuintana Roo est\u00e1 haciendo mucho por cuidar su riqueza y todas las maravillas naturales que posee\u201d indic\u00f3.<\/p>\n<p>Adem\u00e1s, reconoci\u00f3 que el Aeropuerto Internacional de Canc\u00fan se ha convertido \u201cen un HUB de conexi\u00f3n estrat\u00e9gica global\u201d, donde se concentran y movilizan grandes cantidades de pasajeros y mercanc\u00edas a diferentes destinos en el mundo, entre ellos, la conectividad con 42 ciudades de Estados Unidos.<\/p>\n<p>La Gobernadora de Quintana Roo y la presidenta del WTTC coincidieron que aun cuando la actividad emplee al mayor n\u00famero de mujeres es importante darle tiempo a la familia, que es el eje de la sociedad, por lo que es importante encontrar el punto de equilibrio.<\/p>\n<p>Un tema que destac\u00f3 durante la reuni\u00f3n fueron las acciones que se est\u00e1n aplicando, y que requieren fortalecerse, en contra del turismo infantil y la trata de personas, precisamente para que ese \u00e9xito tur\u00edstico se refleje en una sonrisa de las ni\u00f1as y ni\u00f1os.<\/p>\n<p>Participaron en esta reuni\u00f3n Virginia Messina, vicepresidenta Senior del Consejo Mundial de Viajes y Turismo (WTTC), Jos\u00e9 Chapur Zahoul, presidente y director general de The Palace Company y el secretario de Turismo, Bernardo Cueto.<\/p>\n<p>En otra actividad en Canc\u00fan, adem\u00e1s de reconocer la importante labor que realizan d\u00eda y noche brindando auxilio a la poblaci\u00f3n, el Encargado de Despacho de la Presidencia Municipal de Benito Ju\u00e1rez, Pablo Guti\u00e9rrez Fern\u00e1ndez, constat\u00f3 la realizaci\u00f3n del taller \u201cConfirmando mi compromiso como Bombero\u201d, para elementos de dicha instituci\u00f3n, que fue impartida con el apoyo de hom\u00f3logos de Guatemala.<\/p>\n<p>\u201cEn muchas ocasiones hemos sido testigos de que, durante una emergencia, con su entrega y profesionalismo, ustedes marcan la diferencia cuando se trata de salvar vidas y de apoyar a quien m\u00e1s lo necesite, como en las recientes lluvias, para salir avante de las inclemencias climatol\u00f3gicas\u201d, dijo.<br \/>\nEn la base central ubicada en la Avenida Tulum, resalt\u00f3 que el intercambio de informaci\u00f3n y experiencias de otros lugares siempre fortalece al cuerpo de emergencia, por ello agradeci\u00f3 nuevamente a los bomberos de Guatemala por participar en este instrumento formativo para los elementos de Canc\u00fan.<\/p>\n<p>\u201cA todas y todos nuestros bomberos quiero reafirmarles que cuentan con el respaldo total del gobierno municipal y seguiremos trabajando muy fuerte, como hasta hoy lo hemos hecho, para dignificar su trabajo y que tengan las herramientas para que sigan dando resultados positivos\u201d, extern\u00f3.<\/p>\n<p>Por su parte, el director de la heroica instituci\u00f3n en Canc\u00fan, Aquileo Cervantes \u00c1lvarez, reconoci\u00f3 el hero\u00edsmo que tienen todos los integrantes del cuerpo de auxilio, ya que siempre est\u00e1n vela, debido a que no solo enfrentan incendios, sino atienden emergencias como accidentes automovil\u00edsticos, inundaciones, huracanes, entre otros siniestros, unidos en hermandad en la misi\u00f3n de salvar vidas.<\/p>\n<p>\u201cSigamos siendo un ejemplo de vocaci\u00f3n de servicio y amor por la seguridad de todos, gracias por su dedicaci\u00f3n\u201d, subray\u00f3.<\/p>\n<p>El Mayor I. de Guatemala, Geovanni Estuardo Gord\u00f3n Garc\u00eda, agradeci\u00f3 la anfitrion\u00eda y recibimiento de las autoridades municipales en Canc\u00fan, adem\u00e1s de reiterar que son hermanos en una labor tan importante como la de salvaguardar la integridad de la poblaci\u00f3n.<\/p>\n<p>Posterior al evento, el Encargado de Despacho de la Presidencia Municipal entreg\u00f3 reconocimientos por la participaci\u00f3n en dicho taller al oficial de bomberos de Guatemala, Juan Carlos Guirola Palencia, as\u00ed como al Mayor I., Geovanni Estuardo Gord\u00f3n; empero, lo anterior ser\u00e1 motivo de otro an\u00e1lisis en posterior entrega de <strong><em>HORA 14<\/em><\/strong>.<\/p>\n<p><em><a href=\"mailto:%20mauricio_conde@msn.com\" target=\"_blank\" rel=\"noopener noreferrer\">mauricioconde59@outlook.com<\/a><\/em><br \/>\n<em>X: <a href=\"https:\/\/twitter.com\/mauconde?lang=es\" target=\"_blank\" rel=\"noopener\">@mauconde<\/a><\/em><\/p>\n","protected":false},"excerpt":{"rendered":"<p><span style=\"color: #005497;\"><strong>Mauricio Conde Olivares<\/strong><\/span><\/p>\n","protected":false},"author":3,"featured_media":0,"comment_status":"open","ping_status":"open","sticky":false,"template":"","format":"standard","meta":{"_monsterinsights_skip_tracking":false,"_monsterinsights_sitenote_active":false,"_monsterinsights_sitenote_note":"","_monsterinsights_sitenote_category":0,"footnotes":""},"categories":[35889],"tags":[43712,43674,44860],"class_list":["post-624310","post","type-post","status-publish","format-standard","hentry","category-mauricio-conde-olivares","tag-mauricio-conde-olivares","tag-opinion","tag-hora-14"],"_links":{"self":[{"href":"https:\/\/www.diarioimagen.net\/index.php?rest_route=\/wp\/v2\/posts\/624310","targetHints":{"allow":["GET"]}}],"collection":[{"href":"https:\/\/www.diarioimagen.net\/index.php?rest_route=\/wp\/v2\/posts"}],"about":[{"href":"https:\/\/www.diarioimagen.net\/index.php?rest_route=\/wp\/v2\/types\/post"}],"author":[{"embeddable":true,"href":"https:\/\/www.diarioimagen.net\/index.php?rest_route=\/wp\/v2\/users\/3"}],"replies":[{"embeddable":true,"href":"https:\/\/www.diarioimagen.net\/index.php?rest_route=%2Fwp%2Fv2%2Fcomments&post=624310"}],"version-history":[{"count":0,"href":"https:\/\/www.diarioimagen.net\/index.php?rest_route=\/wp\/v2\/posts\/624310\/revisions"}],"wp:attachment":[{"href":"https:\/\/www.diarioimagen.net\/index.php?rest_route=%2Fwp%2Fv2%2Fmedia&parent=624310"}],"wp:term":[{"taxonomy":"category","embeddable":true,"href":"https:\/\/www.diarioimagen.net\/index.php?rest_route=%2Fwp%2Fv2%2Fcategories&post=624310"},{"taxonomy":"post_tag","embeddable":true,"href":"https:\/\/www.diarioimagen.net\/index.php?rest_route=%2Fwp%2Fv2%2Ftags&post=624310"}],"curies":[{"name":"wp","href":"https:\/\/api.w.org\/{rel}","templated":true}]}}