{"id":624314,"date":"2024-06-28T00:04:14","date_gmt":"2024-06-28T06:04:14","guid":{"rendered":"https:\/\/www.diarioimagen.net\/?p=624314"},"modified":"2024-06-28T01:36:01","modified_gmt":"2024-06-28T07:36:01","slug":"quien-pidio-mariachis","status":"publish","type":"post","link":"https:\/\/www.diarioimagen.net\/?p=624314","title":{"rendered":"\u00bfQui\u00e9n pidi\u00f3 mariachis?"},"content":{"rendered":"<h2>De pe a pa<\/h2>\n<h5>Alberto Vieyra G.<\/h5>\n<p>&nbsp;<\/p>\n<p>AMLO no puede y no sabe vivir sin el poder. El llamado falso Mes\u00edas no sabe qu\u00e9 hacer con su futuro, le aterra la soledad y la nostalgia por el poder. AMLO deber\u00eda recordar aquella m\u00e1xima de nuestros abuelos que recomendaban: \u201cPara amparo, Dios y para compa\u00f1\u00eda, un perro\u201d.<\/p>\n<p>El Presidente de la Rep\u00fablica ya se enferm\u00f3 de nostalgia y no lo dude que la psiquiatr\u00eda se encargue de administrarle antidepresivos contra la neurosis, la llamada enfermedad de las mil caras. Seguramente pronto buscar\u00e1 a Vicente Fox para que le hable de su experiencia sobre los antidepresivos como el Prozac, que lo atontaban en el poder presidencial.<\/p>\n<p>AMLO emula a Jos\u00e9 Alfredo Jim\u00e9nez en aquella canci\u00f3n de \u201cNo me amenaces\u201d, cuando dec\u00eda \u201cporque est\u00e1s que te vas y te vas y te vas, y no te has ido\u2026\u201d. Y tambi\u00e9n debe recordar aquel 25 de enero de 1999, cuando ante un Estadio Azteca atiborrado, el papa Juan Pablo II, tambi\u00e9n nost\u00e1lgico dec\u00eda: \u201cMe voy, pero me quedo en este M\u00e9xico siempre fiel\u201d.<\/p>\n<p>AMLO no quiere dejar el hueso sexenal y anda pide y pide mariachis. Primero, sali\u00f3 con que \u201csi mi Presidenta me lo pide, aqu\u00ed estar\u00e9\u201d. Luego, hace un par de semanas dej\u00f3 entre ver que no pasar\u00e1 a la historia como un padre deudor alimenticio pues, aunque se vaya a su rancho, que tiene un nombrecito de la guayaba, en Palenque estar\u00e1 regresando a la Ciudad de M\u00e9xico para reunirse con su esposa Beatriz que no se sabe si tendr\u00e1 hueso con Sheinbaum o el chiquillo seguir\u00e1 en colegio de paga.<\/p>\n<p>\u00bfUsted cree que L\u00f3pez Obrador ser\u00e1 capaz de aguantar las depresiones por no poder ejercer el inmenso poder que hoy tiene? La verdad, este \u00e1tomo de la comunicaci\u00f3n no le cree y por qu\u00e9 habr\u00eda de creerle si durante casi 6 a\u00f1os nos ha echado a todos los mexicanos casi 110 mil mentiras.<\/p>\n<p>\u00bfQu\u00e9 no ser\u00e1 el poder tras el trono, es decir un Maximato como el que ejerci\u00f3 Plutarco El\u00edas Calles sobre \u00c1lvaro Obreg\u00f3n, Emilio Portes Gil, Pascual Ortiz Rubio y a un L\u00e1zaro C\u00e1rdenas del R\u00edo quien tuvo que sacudirse ese ponzo\u00f1oso Maximato mandando a Plutarco El\u00edas Calles al exilio o como lo hizo Jos\u00e9 L\u00f3pez Portillo mandando a Luis Echeverr\u00eda a un elegante destierro como embajador de M\u00e9xico en las islas Fiyi?<\/p>\n<p>L\u00f3gico, que AMLO buscar\u00e1 ejercer ese Maximato sobre Claudia porque es un invento suyo, candidata suya y presidenta suya merced a una elecci\u00f3n de Estado encabezada por AMLO desde Palacio Nacional. Y seguramente que AMLO buscar\u00e1 ejercer ese Maximato moviendo a sus fichas y \u201ccorcholatas\u201d m\u00e1s duras dentro del partido y del gobierno para someter a la se\u00f1ora Presidenta.<\/p>\n<p>Si Claudia es sometida por el ala dura del lopezobradorismo habr\u00e1 perdido su oportunidad de ser una Presidenta hist\u00f3rica y hay que decirlo, que do\u00f1a Claudia ser\u00e1 tan fuerte o tan d\u00e9bil como sea capaz de llevar a cabo acciones de gobiernos que merecen el respeto ciudadano.<\/p>\n<p>M\u00e1s de 35 millones de votos avalan a do\u00f1a Claudia para que ni al principio ni en ninguna etapa de su gobierno demuestre que es blandengue o que se deje manipular por el llamado \u201cMes\u00edas Tropical\u201d, quien buscar\u00e1 seguir ejerciendo esa encarnaci\u00f3n como Dios sexenal del pueblo.<\/p>\n<p>No estoy proponiendo que Claudia rompa con \u00e9l, solamente que no permita que AMLO simule que estar\u00e1 en su rancho cuando en realidad ejercer\u00e1 un poder dictatorial tras bambalinas.<\/p>\n<p>Por lo pronto, AMLO est\u00e1 pide y pide mariachis y con que \u201cporque est\u00e1s que te vas y te vas y te vas, y no se ha ido\u2026\u201d.<\/p>\n<p><em><a href=\"mailto:info@agenciamn.com\" target=\"_blank\" rel=\"noopener noreferrer\">info@agenciamn.com<\/a><\/em><\/p>\n","protected":false},"excerpt":{"rendered":"<p><span style=\"color: #005497;\"><strong>Alberto Vieyra G.<\/strong><\/span><\/p>\n","protected":false},"author":3,"featured_media":0,"comment_status":"open","ping_status":"open","sticky":false,"template":"","format":"standard","meta":{"_monsterinsights_skip_tracking":false,"_monsterinsights_sitenote_active":false,"_monsterinsights_sitenote_note":"","_monsterinsights_sitenote_category":0,"footnotes":""},"categories":[4596],"tags":[43697,4597,43674],"class_list":["post-624314","post","type-post","status-publish","format-standard","hentry","category-alberto-vieyra-g","tag-alberto-vieyra-g","tag-de-pe-a-pa","tag-opinion"],"_links":{"self":[{"href":"https:\/\/www.diarioimagen.net\/index.php?rest_route=\/wp\/v2\/posts\/624314","targetHints":{"allow":["GET"]}}],"collection":[{"href":"https:\/\/www.diarioimagen.net\/index.php?rest_route=\/wp\/v2\/posts"}],"about":[{"href":"https:\/\/www.diarioimagen.net\/index.php?rest_route=\/wp\/v2\/types\/post"}],"author":[{"embeddable":true,"href":"https:\/\/www.diarioimagen.net\/index.php?rest_route=\/wp\/v2\/users\/3"}],"replies":[{"embeddable":true,"href":"https:\/\/www.diarioimagen.net\/index.php?rest_route=%2Fwp%2Fv2%2Fcomments&post=624314"}],"version-history":[{"count":0,"href":"https:\/\/www.diarioimagen.net\/index.php?rest_route=\/wp\/v2\/posts\/624314\/revisions"}],"wp:attachment":[{"href":"https:\/\/www.diarioimagen.net\/index.php?rest_route=%2Fwp%2Fv2%2Fmedia&parent=624314"}],"wp:term":[{"taxonomy":"category","embeddable":true,"href":"https:\/\/www.diarioimagen.net\/index.php?rest_route=%2Fwp%2Fv2%2Fcategories&post=624314"},{"taxonomy":"post_tag","embeddable":true,"href":"https:\/\/www.diarioimagen.net\/index.php?rest_route=%2Fwp%2Fv2%2Ftags&post=624314"}],"curies":[{"name":"wp","href":"https:\/\/api.w.org\/{rel}","templated":true}]}}